{"id":17949,"date":"2018-05-25T09:31:35","date_gmt":"2018-05-25T09:31:35","guid":{"rendered":"https:\/\/www.messageinabottle.pt\/?p=17949"},"modified":"2019-07-05T11:25:57","modified_gmt":"2019-07-05T10:25:57","slug":"vamos-falar-de-politica-de-privacidade-outra-vez","status":"publish","type":"post","link":"https:\/\/messageinabottle.pt\/en\/noticias\/vamos-falar-de-politica-de-privacidade-outra-vez\/","title":{"rendered":"Oh, n\u00e3o! Mais um artigo sobre a nova Pol\u00edtica de Privacidade"},"content":{"rendered":"<p><\/p>\n<div>\n<h2><strong>Sim, atualiz\u00e1mos a nossa Pol\u00edtica de Privacidade.<\/strong><\/h2>\n<p>A partir do pr\u00f3ximo dia 25 de maio entrar\u00e1 em vigor a nova legisla\u00e7\u00e3o RGPD pelo que queremos assegurar que tudo \u00e9 o mais transparente poss\u00edvel. Para isso, temos trabalhado para garantir a seguran\u00e7a dos seus dados.<\/p>\n<p><em>From the 25th May, a new legislation RGPD will be in place and we want to assure that everything is as transparent as possible. For that, we have been working to ensure the safety of your data.<\/em><\/p>\n<p>&nbsp;<\/p>\n<p><strong>Quais os meus dados pessoais utilizados pela Message in a Bottle?<\/strong><br \/>\n<em>Which personal data will be used by Message in a Bottle?<\/em><br \/>\nO seu nome e o seu e-mail.<br \/>\n<em>Your name and your e-mail<\/em><\/p>\n<p><strong>Porque quero continuar a receber as novidades da Message in a Bottle?<\/strong><br \/>\nWhy would i want to keep receiving Message in a Bottle news?<\/p>\n<p>&#8211; Irei estar a par das \u00faltimas novidades do setor do Turismo e Lifestyle;<br \/>\n<em>&#8211; I will be up to date with the latest news about the Tourism and Lifestyle industry;<\/em><\/p>\n<p>&#8211; Ficarei a conhecer a oferta de servi\u00e7os da Message in a Bottle;<br \/>\n<em>&#8211;\u00a0I get to know the services of Message in a Bottle;<\/em><\/p>\n<p>&#8211; Irei estar a par das novidades dos clientes da Message in a Bottle;<br \/>\n<em>&#8211; I will be up to date with the latest news of Message in a Bottle clients;<\/em><\/p>\n<p>&#8211; Irei receber sugest\u00f5es de eventos;<br \/>\n<em>&#8211; I will receive events suggestions;<\/em><\/p>\n<p>&#8211; Irei ser convidado para experimentar novos restaurantes, descobrir novos cheiros e sabores, aventurar-me por novos destinos, testar outras cores e ouvir novos sons;<br \/>\n<em>&#8211; I will be invited to experience new restaurants, new smells and flavours, adventure to new destinations, test new colours and listening to new sounds;<\/em><\/p>\n<p>&nbsp;<\/p>\n<p>A Message in a Bottle \u00e9 uma ag\u00eancia de comunica\u00e7\u00e3o que adora contar hist\u00f3rias e queremos continuar a cont\u00e1-las a si. Contamos consigo?<br \/>\n<em>Message in a Bottle is a communication agency that loves to tell stories and we want to continue doing that with you. Can we count on you?<\/em><\/p>\n<p>Para isso,\u00a0pedimos que nos <a href=\"https:\/\/messageinabottle.us9.list-manage.com\/subscribe?u=816653e4a6d59ffd7ba81fbee&amp;id=0942a066c9\" target=\"_blank\" rel=\"noopener\">responda com um clique<\/a>, se concorda em continuar a receber not\u00edcias nossas.<br \/>\n<em>For that, we kindly ask you to r<a href=\"https:\/\/messageinabottle.us9.list-manage.com\/subscribe?u=816653e4a6d59ffd7ba81fbee&amp;id=0942a066c9\" target=\"_blank\" rel=\"noopener\">espond us with just one click<\/a>, if you agree in continuing to receive\u00a0news from us.<\/em><\/p>\n<p>Pode sempre consultar a nossa nova <a href=\"https:\/\/messageinabottle.us9.list-manage.com\/track\/click?u=816653e4a6d59ffd7ba81fbee&amp;id=c50106a697&amp;e=c1301f296d\" target=\"_blank\" rel=\"noopener\">Pol\u00edtica de Privacidade aqui<\/a>.<br \/>\n<em>You can always check our new <a href=\"https:\/\/messageinabottle.us9.list-manage.com\/track\/click?u=816653e4a6d59ffd7ba81fbee&amp;id=c50106a697&amp;e=c1301f296d\" target=\"_blank\" rel=\"noopener\">Privacy Policy here<\/a>.<\/em><\/p>\n<p>At\u00e9 j\u00e1!<br \/>\n<em>See you soon!<\/em><\/p>\n<p>&nbsp;<\/p>\n<\/div>\n<p><\/p>","protected":false},"excerpt":{"rendered":"<p>Sim, atualiz\u00e1mos a nossa Pol\u00edtica de Privacidade. A partir do pr\u00f3ximo dia 25 de maio entrar\u00e1 em vigor a nova legisla\u00e7\u00e3o RGPD pelo que queremos assegurar que tudo \u00e9 o mais transparente poss\u00edvel. Para isso, temos trabalhado para garantir a seguran\u00e7a dos seus dados. From the 25th May, a new legislation RGPD will be in [&hellip;]<\/p>\n","protected":false},"author":10,"featured_media":17954,"comment_status":"closed","ping_status":"closed","sticky":false,"template":"","format":"standard","meta":{"_acf_changed":false,"footnotes":""},"categories":[204],"tags":[145,146,147],"acf":[],"yoast_head":"<!-- This site is optimized with the Yoast SEO plugin v22.5 - https:\/\/yoast.com\/wordpress\/plugins\/seo\/ -->\n<title>Oh, n\u00e3o! Mais um artigo sobre a nova Pol\u00edtica de Privacidade<\/title>\n<meta name=\"description\" content=\"A partir do pr\u00f3ximo dia 25 de maio entrar\u00e1 em vigor a nova legisla\u00e7\u00e3o RGPD pelo que queremos assegurar que tudo \u00e9 o mais transparente poss\u00edvel. Saiba mais sobre a nossa nova Pol\u00edtica de Privacidade e mantenha-se em contacto connosco.\" \/>\n<meta name=\"robots\" content=\"index, follow, max-snippet:-1, max-image-preview:large, max-video-preview:-1\" \/>\n<link rel=\"canonical\" href=\"https:\/\/messageinabottle.pt\/noticias\/vamos-falar-de-politica-de-privacidade-outra-vez\/\" \/>\n<meta property=\"og:locale\" content=\"en_US\" \/>\n<meta property=\"og:type\" content=\"article\" \/>\n<meta property=\"og:title\" content=\"Oh, n\u00e3o! Mais um artigo sobre a nova Pol\u00edtica de Privacidade\" \/>\n<meta property=\"og:description\" content=\"A partir do pr\u00f3ximo dia 25 de maio entrar\u00e1 em vigor a nova legisla\u00e7\u00e3o RGPD pelo que queremos assegurar que tudo \u00e9 o mais transparente poss\u00edvel. Saiba mais sobre a nossa nova Pol\u00edtica de Privacidade e mantenha-se em contacto connosco.\" \/>\n<meta property=\"og:url\" content=\"https:\/\/messageinabottle.pt\/noticias\/vamos-falar-de-politica-de-privacidade-outra-vez\/\" \/>\n<meta property=\"og:site_name\" content=\"Message In a Bottle\" \/>\n<meta property=\"article:publisher\" content=\"https:\/\/www.facebook.com\/messageinbottle\" \/>\n<meta property=\"article:published_time\" content=\"2018-05-25T09:31:35+00:00\" \/>\n<meta property=\"article:modified_time\" content=\"2019-07-05T10:25:57+00:00\" \/>\n<meta property=\"og:image\" content=\"https:\/\/messageinabottle.pt\/wp-content\/uploads\/2018\/05\/politica-de-privacidade.jpg\" \/>\n\t<meta property=\"og:image:width\" content=\"1489\" \/>\n\t<meta property=\"og:image:height\" content=\"1276\" \/>\n\t<meta property=\"og:image:type\" content=\"image\/jpeg\" \/>\n<meta name=\"author\" content=\"MIB\" \/>\n<meta name=\"twitter:card\" content=\"summary_large_image\" \/>\n<meta name=\"twitter:creator\" content=\"@MibLx\" \/>\n<meta name=\"twitter:site\" content=\"@MibLx\" \/>\n<meta name=\"twitter:label1\" content=\"Written by\" \/>\n\t<meta name=\"twitter:data1\" content=\"MIB\" \/>\n\t<meta name=\"twitter:label2\" content=\"Est. reading time\" \/>\n\t<meta name=\"twitter:data2\" content=\"4 minutes\" \/>\n<script type=\"application\/ld+json\" class=\"yoast-schema-graph\">{\"@context\":\"https:\/\/schema.org\",\"@graph\":[{\"@type\":\"Article\",\"@id\":\"https:\/\/messageinabottle.pt\/noticias\/vamos-falar-de-politica-de-privacidade-outra-vez\/#article\",\"isPartOf\":{\"@id\":\"https:\/\/messageinabottle.pt\/noticias\/vamos-falar-de-politica-de-privacidade-outra-vez\/\"},\"author\":{\"name\":\"MIB\",\"@id\":\"https:\/\/messageinabottle.pt\/#\/schema\/person\/fcc9c49ae8588ac0e400d132a5191cde\"},\"headline\":\"Oh, n\u00e3o! Mais um artigo sobre a nova Pol\u00edtica de Privacidade\",\"datePublished\":\"2018-05-25T09:31:35+00:00\",\"dateModified\":\"2019-07-05T10:25:57+00:00\",\"mainEntityOfPage\":{\"@id\":\"https:\/\/messageinabottle.pt\/noticias\/vamos-falar-de-politica-de-privacidade-outra-vez\/\"},\"wordCount\":843,\"publisher\":{\"@id\":\"https:\/\/messageinabottle.pt\/#organization\"},\"image\":{\"@id\":\"https:\/\/messageinabottle.pt\/noticias\/vamos-falar-de-politica-de-privacidade-outra-vez\/#primaryimage\"},\"thumbnailUrl\":\"https:\/\/messageinabottle.pt\/wp-content\/uploads\/2018\/05\/politica-de-privacidade.jpg\",\"keywords\":[\"Blog\",\"Pol\u00edtica de Privacidade\",\"RGPD\"],\"articleSection\":[\"Not\u00edcias\"],\"inLanguage\":\"en-US\"},{\"@type\":\"WebPage\",\"@id\":\"https:\/\/messageinabottle.pt\/noticias\/vamos-falar-de-politica-de-privacidade-outra-vez\/\",\"url\":\"https:\/\/messageinabottle.pt\/noticias\/vamos-falar-de-politica-de-privacidade-outra-vez\/\",\"name\":\"Oh, n\u00e3o! Mais um artigo sobre a nova Pol\u00edtica de Privacidade\",\"isPartOf\":{\"@id\":\"https:\/\/messageinabottle.pt\/#website\"},\"primaryImageOfPage\":{\"@id\":\"https:\/\/messageinabottle.pt\/noticias\/vamos-falar-de-politica-de-privacidade-outra-vez\/#primaryimage\"},\"image\":{\"@id\":\"https:\/\/messageinabottle.pt\/noticias\/vamos-falar-de-politica-de-privacidade-outra-vez\/#primaryimage\"},\"thumbnailUrl\":\"https:\/\/messageinabottle.pt\/wp-content\/uploads\/2018\/05\/politica-de-privacidade.jpg\",\"datePublished\":\"2018-05-25T09:31:35+00:00\",\"dateModified\":\"2019-07-05T10:25:57+00:00\",\"description\":\"A partir do pr\u00f3ximo dia 25 de maio entrar\u00e1 em vigor a nova legisla\u00e7\u00e3o RGPD pelo que queremos assegurar que tudo \u00e9 o mais transparente poss\u00edvel. Saiba mais sobre a nossa nova Pol\u00edtica de Privacidade e mantenha-se em contacto connosco.\",\"breadcrumb\":{\"@id\":\"https:\/\/messageinabottle.pt\/noticias\/vamos-falar-de-politica-de-privacidade-outra-vez\/#breadcrumb\"},\"inLanguage\":\"en-US\",\"potentialAction\":[{\"@type\":\"ReadAction\",\"target\":[\"https:\/\/messageinabottle.pt\/noticias\/vamos-falar-de-politica-de-privacidade-outra-vez\/\"]}]},{\"@type\":\"ImageObject\",\"inLanguage\":\"en-US\",\"@id\":\"https:\/\/messageinabottle.pt\/noticias\/vamos-falar-de-politica-de-privacidade-outra-vez\/#primaryimage\",\"url\":\"https:\/\/messageinabottle.pt\/wp-content\/uploads\/2018\/05\/politica-de-privacidade.jpg\",\"contentUrl\":\"https:\/\/messageinabottle.pt\/wp-content\/uploads\/2018\/05\/politica-de-privacidade.jpg\",\"width\":1489,\"height\":1276,\"caption\":\"politica de privacidade\"},{\"@type\":\"BreadcrumbList\",\"@id\":\"https:\/\/messageinabottle.pt\/noticias\/vamos-falar-de-politica-de-privacidade-outra-vez\/#breadcrumb\",\"itemListElement\":[{\"@type\":\"ListItem\",\"position\":1,\"name\":\"Home\",\"item\":\"https:\/\/messageinabottle.pt\/\"},{\"@type\":\"ListItem\",\"position\":2,\"name\":\"Oh, n\u00e3o! Mais um artigo sobre a nova Pol\u00edtica de Privacidade\"}]},{\"@type\":\"WebSite\",\"@id\":\"https:\/\/messageinabottle.pt\/#website\",\"url\":\"https:\/\/messageinabottle.pt\/\",\"name\":\"Message In a Bottle\",\"description\":\"Ag\u00eancia de Comunica\u00e7\u00e3o e Marketing\",\"publisher\":{\"@id\":\"https:\/\/messageinabottle.pt\/#organization\"},\"potentialAction\":[{\"@type\":\"SearchAction\",\"target\":{\"@type\":\"EntryPoint\",\"urlTemplate\":\"https:\/\/messageinabottle.pt\/?s={search_term_string}\"},\"query-input\":\"required name=search_term_string\"}],\"inLanguage\":\"en-US\"},{\"@type\":\"Organization\",\"@id\":\"https:\/\/messageinabottle.pt\/#organization\",\"name\":\"Message in a Bottle | Ag\u00eancia de Comunica\u00e7\u00e3o e Marketing\",\"url\":\"https:\/\/messageinabottle.pt\/\",\"logo\":{\"@type\":\"ImageObject\",\"inLanguage\":\"en-US\",\"@id\":\"https:\/\/messageinabottle.pt\/#\/schema\/logo\/image\/\",\"url\":\"https:\/\/messageinabottle.pt\/wp-content\/uploads\/2019\/06\/mib-logo.png\",\"contentUrl\":\"https:\/\/messageinabottle.pt\/wp-content\/uploads\/2019\/06\/mib-logo.png\",\"width\":1721,\"height\":676,\"caption\":\"Message in a Bottle | Ag\u00eancia de Comunica\u00e7\u00e3o e Marketing\"},\"image\":{\"@id\":\"https:\/\/messageinabottle.pt\/#\/schema\/logo\/image\/\"},\"sameAs\":[\"https:\/\/www.facebook.com\/messageinbottle\",\"https:\/\/x.com\/MibLx\",\"https:\/\/www.instagram.com\/messageinabottle_agency\/\",\"https:\/\/www.linkedin.com\/company\/miab---message-in-a-bottle\",\"https:\/\/www.pinterest.pt\/mibconsulting\/\"]},{\"@type\":\"Person\",\"@id\":\"https:\/\/messageinabottle.pt\/#\/schema\/person\/fcc9c49ae8588ac0e400d132a5191cde\",\"name\":\"MIB\"}]}<\/script>\n<!-- \/ Yoast SEO plugin. -->","yoast_head_json":{"title":"Oh, n\u00e3o! Mais um artigo sobre a nova Pol\u00edtica de Privacidade","description":"A partir do pr\u00f3ximo dia 25 de maio entrar\u00e1 em vigor a nova legisla\u00e7\u00e3o RGPD pelo que queremos assegurar que tudo \u00e9 o mais transparente poss\u00edvel. Saiba mais sobre a nossa nova Pol\u00edtica de Privacidade e mantenha-se em contacto connosco.","robots":{"index":"index","follow":"follow","max-snippet":"max-snippet:-1","max-image-preview":"max-image-preview:large","max-video-preview":"max-video-preview:-1"},"canonical":"https:\/\/messageinabottle.pt\/noticias\/vamos-falar-de-politica-de-privacidade-outra-vez\/","og_locale":"en_US","og_type":"article","og_title":"Oh, n\u00e3o! Mais um artigo sobre a nova Pol\u00edtica de Privacidade","og_description":"A partir do pr\u00f3ximo dia 25 de maio entrar\u00e1 em vigor a nova legisla\u00e7\u00e3o RGPD pelo que queremos assegurar que tudo \u00e9 o mais transparente poss\u00edvel. Saiba mais sobre a nossa nova Pol\u00edtica de Privacidade e mantenha-se em contacto connosco.","og_url":"https:\/\/messageinabottle.pt\/noticias\/vamos-falar-de-politica-de-privacidade-outra-vez\/","og_site_name":"Message In a Bottle","article_publisher":"https:\/\/www.facebook.com\/messageinbottle","article_published_time":"2018-05-25T09:31:35+00:00","article_modified_time":"2019-07-05T10:25:57+00:00","og_image":[{"width":1489,"height":1276,"url":"https:\/\/messageinabottle.pt\/wp-content\/uploads\/2018\/05\/politica-de-privacidade.jpg","type":"image\/jpeg"}],"author":"MIB","twitter_card":"summary_large_image","twitter_creator":"@MibLx","twitter_site":"@MibLx","twitter_misc":{"Written by":"MIB","Est. reading time":"4 minutes"},"schema":{"@context":"https:\/\/schema.org","@graph":[{"@type":"Article","@id":"https:\/\/messageinabottle.pt\/noticias\/vamos-falar-de-politica-de-privacidade-outra-vez\/#article","isPartOf":{"@id":"https:\/\/messageinabottle.pt\/noticias\/vamos-falar-de-politica-de-privacidade-outra-vez\/"},"author":{"name":"MIB","@id":"https:\/\/messageinabottle.pt\/#\/schema\/person\/fcc9c49ae8588ac0e400d132a5191cde"},"headline":"Oh, n\u00e3o! Mais um artigo sobre a nova Pol\u00edtica de Privacidade","datePublished":"2018-05-25T09:31:35+00:00","dateModified":"2019-07-05T10:25:57+00:00","mainEntityOfPage":{"@id":"https:\/\/messageinabottle.pt\/noticias\/vamos-falar-de-politica-de-privacidade-outra-vez\/"},"wordCount":843,"publisher":{"@id":"https:\/\/messageinabottle.pt\/#organization"},"image":{"@id":"https:\/\/messageinabottle.pt\/noticias\/vamos-falar-de-politica-de-privacidade-outra-vez\/#primaryimage"},"thumbnailUrl":"https:\/\/messageinabottle.pt\/wp-content\/uploads\/2018\/05\/politica-de-privacidade.jpg","keywords":["Blog","Pol\u00edtica de Privacidade","RGPD"],"articleSection":["Not\u00edcias"],"inLanguage":"en-US"},{"@type":"WebPage","@id":"https:\/\/messageinabottle.pt\/noticias\/vamos-falar-de-politica-de-privacidade-outra-vez\/","url":"https:\/\/messageinabottle.pt\/noticias\/vamos-falar-de-politica-de-privacidade-outra-vez\/","name":"Oh, n\u00e3o! Mais um artigo sobre a nova Pol\u00edtica de Privacidade","isPartOf":{"@id":"https:\/\/messageinabottle.pt\/#website"},"primaryImageOfPage":{"@id":"https:\/\/messageinabottle.pt\/noticias\/vamos-falar-de-politica-de-privacidade-outra-vez\/#primaryimage"},"image":{"@id":"https:\/\/messageinabottle.pt\/noticias\/vamos-falar-de-politica-de-privacidade-outra-vez\/#primaryimage"},"thumbnailUrl":"https:\/\/messageinabottle.pt\/wp-content\/uploads\/2018\/05\/politica-de-privacidade.jpg","datePublished":"2018-05-25T09:31:35+00:00","dateModified":"2019-07-05T10:25:57+00:00","description":"A partir do pr\u00f3ximo dia 25 de maio entrar\u00e1 em vigor a nova legisla\u00e7\u00e3o RGPD pelo que queremos assegurar que tudo \u00e9 o mais transparente poss\u00edvel. Saiba mais sobre a nossa nova Pol\u00edtica de Privacidade e mantenha-se em contacto connosco.","breadcrumb":{"@id":"https:\/\/messageinabottle.pt\/noticias\/vamos-falar-de-politica-de-privacidade-outra-vez\/#breadcrumb"},"inLanguage":"en-US","potentialAction":[{"@type":"ReadAction","target":["https:\/\/messageinabottle.pt\/noticias\/vamos-falar-de-politica-de-privacidade-outra-vez\/"]}]},{"@type":"ImageObject","inLanguage":"en-US","@id":"https:\/\/messageinabottle.pt\/noticias\/vamos-falar-de-politica-de-privacidade-outra-vez\/#primaryimage","url":"https:\/\/messageinabottle.pt\/wp-content\/uploads\/2018\/05\/politica-de-privacidade.jpg","contentUrl":"https:\/\/messageinabottle.pt\/wp-content\/uploads\/2018\/05\/politica-de-privacidade.jpg","width":1489,"height":1276,"caption":"politica de privacidade"},{"@type":"BreadcrumbList","@id":"https:\/\/messageinabottle.pt\/noticias\/vamos-falar-de-politica-de-privacidade-outra-vez\/#breadcrumb","itemListElement":[{"@type":"ListItem","position":1,"name":"Home","item":"https:\/\/messageinabottle.pt\/"},{"@type":"ListItem","position":2,"name":"Oh, n\u00e3o! Mais um artigo sobre a nova Pol\u00edtica de Privacidade"}]},{"@type":"WebSite","@id":"https:\/\/messageinabottle.pt\/#website","url":"https:\/\/messageinabottle.pt\/","name":"Message In a Bottle","description":"Ag\u00eancia de Comunica\u00e7\u00e3o e Marketing","publisher":{"@id":"https:\/\/messageinabottle.pt\/#organization"},"potentialAction":[{"@type":"SearchAction","target":{"@type":"EntryPoint","urlTemplate":"https:\/\/messageinabottle.pt\/?s={search_term_string}"},"query-input":"required name=search_term_string"}],"inLanguage":"en-US"},{"@type":"Organization","@id":"https:\/\/messageinabottle.pt\/#organization","name":"Message in a Bottle | Ag\u00eancia de Comunica\u00e7\u00e3o e Marketing","url":"https:\/\/messageinabottle.pt\/","logo":{"@type":"ImageObject","inLanguage":"en-US","@id":"https:\/\/messageinabottle.pt\/#\/schema\/logo\/image\/","url":"https:\/\/messageinabottle.pt\/wp-content\/uploads\/2019\/06\/mib-logo.png","contentUrl":"https:\/\/messageinabottle.pt\/wp-content\/uploads\/2019\/06\/mib-logo.png","width":1721,"height":676,"caption":"Message in a Bottle | Ag\u00eancia de Comunica\u00e7\u00e3o e Marketing"},"image":{"@id":"https:\/\/messageinabottle.pt\/#\/schema\/logo\/image\/"},"sameAs":["https:\/\/www.facebook.com\/messageinbottle","https:\/\/x.com\/MibLx","https:\/\/www.instagram.com\/messageinabottle_agency\/","https:\/\/www.linkedin.com\/company\/miab---message-in-a-bottle","https:\/\/www.pinterest.pt\/mibconsulting\/"]},{"@type":"Person","@id":"https:\/\/messageinabottle.pt\/#\/schema\/person\/fcc9c49ae8588ac0e400d132a5191cde","name":"MIB"}]}},"_links":{"self":[{"href":"https:\/\/messageinabottle.pt\/en\/wp-json\/wp\/v2\/posts\/17949"}],"collection":[{"href":"https:\/\/messageinabottle.pt\/en\/wp-json\/wp\/v2\/posts"}],"about":[{"href":"https:\/\/messageinabottle.pt\/en\/wp-json\/wp\/v2\/types\/post"}],"author":[{"embeddable":true,"href":"https:\/\/messageinabottle.pt\/en\/wp-json\/wp\/v2\/users\/10"}],"replies":[{"embeddable":true,"href":"https:\/\/messageinabottle.pt\/en\/wp-json\/wp\/v2\/comments?post=17949"}],"version-history":[{"count":1,"href":"https:\/\/messageinabottle.pt\/en\/wp-json\/wp\/v2\/posts\/17949\/revisions"}],"predecessor-version":[{"id":19119,"href":"https:\/\/messageinabottle.pt\/en\/wp-json\/wp\/v2\/posts\/17949\/revisions\/19119"}],"wp:featuredmedia":[{"embeddable":true,"href":"https:\/\/messageinabottle.pt\/en\/wp-json\/wp\/v2\/media\/17954"}],"wp:attachment":[{"href":"https:\/\/messageinabottle.pt\/en\/wp-json\/wp\/v2\/media?parent=17949"}],"wp:term":[{"taxonomy":"category","embeddable":true,"href":"https:\/\/messageinabottle.pt\/en\/wp-json\/wp\/v2\/categories?post=17949"},{"taxonomy":"post_tag","embeddable":true,"href":"https:\/\/messageinabottle.pt\/en\/wp-json\/wp\/v2\/tags?post=17949"}],"curies":[{"name":"wp","href":"https:\/\/api.w.org\/{rel}","templated":true}]}}