{"id":17964,"date":"2018-06-20T12:30:42","date_gmt":"2018-06-20T12:30:42","guid":{"rendered":"https:\/\/www.messageinabottle.pt\/?p=17964"},"modified":"2019-07-05T11:21:00","modified_gmt":"2019-07-05T10:21:00","slug":"eventos-e-redes-sociais","status":"publish","type":"post","link":"https:\/\/messageinabottle.pt\/en\/redes-sociais\/eventos-e-redes-sociais\/","title":{"rendered":"Eventos e redes sociais: ative a sua comunidade"},"content":{"rendered":"<p><\/p>\n<h1>Juntamos eventos e redes sociais para criar estrat\u00e9gias de sucesso<\/h1>\n<p>Cada vez mais consultamos a agenda da cidade, descobrimos novas atividades e selecionamos os eventos que nos interessam atrav\u00e9s do mundo online. A rela\u00e7\u00e3o entre eventos e redes sociais tomou de tal forma propor\u00e7\u00e3o que, hoje, h\u00e1 quem fa\u00e7a a promo\u00e7\u00e3o exclusivamente online.<\/p>\n<p>Afinal, gra\u00e7as \u00e0 promo\u00e7\u00e3o no Facebook e Instagram \u00e9 poss\u00edvel atingir resultados incr\u00edveis sem recorrer aos tradicionais mupi, cartazes ou folhetos que n\u00e3o s\u00f3 t\u00eam um elevado custo, como t\u00eam uma distribui\u00e7\u00e3o f\u00edsica exigente.<\/p>\n<p>Uma das belezas da promo\u00e7\u00e3o online \u00e9 que torna poss\u00edvel alcan\u00e7ar um elevado n\u00famero de pessoas sem se levantar da sua cadeira para criar a estrat\u00e9gia de promo\u00e7\u00e3o. E no caso de eventos de pequena dimens\u00e3o com budget pouco permissivo esta \u00e9 uma op\u00e7\u00e3o que veio mudar a realidade do marketing pr\u00e9-evento.<\/p>\n<p>Na Message in a Bottle trabalhamos as redes sociais estrategicamente e, na hora de juntar eventos e redes sociais come\u00e7amos pela parte mais importante: o planeamento.<\/p>\n<p>H\u00e1 3 etapas fundamentais de comunica\u00e7\u00e3o: pr\u00e9-evento, durante o evento e p\u00f3s-evento. Cada fase tem as suas particularidades e, sobretudo, diferentes objetivos, mas se h\u00e1 momento que exija aten\u00e7\u00e3o, investimento e estrat\u00e9gia \u00e9 a fase de pr\u00e9-marketing.<\/p>\n<h2>N\u00e3o deixe a comunica\u00e7\u00e3o para as \u00faltimas semanas<\/h2>\n<p>Bem sabemos que a produ\u00e7\u00e3o de um evento exige infraestruturas que, por vezes, s\u00f3 nas semanas que o precedem come\u00e7am a estar delineadas e h\u00e1 sempre imprevistos. Ainda assim, come\u00e7ar a publicar com pelo menos 2 meses de anteced\u00eancia \u00e9 essencial para entrar em di\u00e1logo com a sua comunidade e ir progressivamente chamando a aten\u00e7\u00e3o para o que est\u00e1 para vir.<\/p>\n<p>Comece por falar da marca por detr\u00e1s do evento e relembrar momentos passados se for caso disso. \u00c9 importante que a sua comunidade conhe\u00e7a os seus prop\u00f3sitos e veja uma clara mais-valia em participar.<\/p>\n<h2>A sua comunidade representa o p\u00fablico do seu evento?<\/h2>\n<p>Na fase pr\u00e9-evento as redes sociais podem ser uma grande ajuda para chegar a mais pessoas. Por isso, d\u00ea uma vista de olhos \u00e0s estat\u00edsticas demogr\u00e1ficas da p\u00e1gina e verifique se est\u00e1 a chegar ao seu p\u00fablico-alvo ou se precisa de impactar outros segmentos.<\/p>\n<p>Para a divulga\u00e7\u00e3o de um evento chegar a novas pessoas nunca \u00e9 demais. Uma simples promo\u00e7\u00e3o de p\u00e1gina segmentada nas semanas que antecedem o evento \u00e9 valiosa para angariar mais seguidores que podem tornar-se participantes.<\/p>\n<p>S\u00e3o in\u00fameras as estrat\u00e9gias que podem criar-se. J\u00e1 imaginou uma promo\u00e7\u00e3o do seu evento ajustada \u00e0 idade e localiza\u00e7\u00e3o de quem v\u00ea? Talvez nos media tradicionais n\u00e3o conseguisse, mas no Facebook e Instagram \u00e9 poss\u00edvel. Pode ainda apostar no YouTube, ainda que seja sempre mais complexa a execu\u00e7\u00e3o de um v\u00eddeo promocional.<\/p>\n<p>Algumas estrat\u00e9gias interessantes quanto faltam poucas semanas para o evento \u00e9 tentar impactar quem j\u00e1 interagiu com a p\u00e1gina e com o evento de Facebook, direcionando-o para informa\u00e7\u00f5es pr\u00e1ticas sobre o evento e compra de bilhetes.<\/p>\n<h2>Os erros mais frequentes<\/h2>\n<p>Uma vez iniciado o evento, deixamos de lado a estrat\u00e9gia de angaria\u00e7\u00e3o de participantes, mas podemos impactar pela positiva enaltecendo a experi\u00eancia e oferecendo conte\u00fados pr\u00e1ticos para que os convidados n\u00e3o percam nem um mil\u00edmetro. Muitas marcas apostam no pr\u00e9-marketing, mas esquecem-se de ajustar a comunica\u00e7\u00e3o para as outras fases em termos de target e objetivo.<\/p>\n<p>Outro erro frequente \u00e9 a promo\u00e7\u00e3o avulsa, sem segmenta\u00e7\u00e3o do target, o que faz com que a marca esteja a tentar falar com todas as pessoas com a mesma linguagem, ou seja, tenta impactar um jovem de 20 anos e um adulto de 55, que s\u00e3o naturalmente diferentes.<\/p>\n<p>Aten\u00e7\u00e3o \u00e0s imagens e ao conte\u00fado. Nem todas as imagens s\u00e3o conte\u00fado promocional e por mais que deseje ter informa\u00e7\u00e3o na pr\u00f3pria imagem, o Facebook e Instagram n\u00e3o permitem que esta ocupe mais de 20% da imagem. No que diz respeito ao conte\u00fado procure ser pr\u00e1tico e dar informa\u00e7\u00f5es de forma clara. N\u00e3o vale a pena tentar passar toda a informa\u00e7\u00e3o numa s\u00f3 publica\u00e7\u00e3o.<\/p>\n<p>Se o evento lhe parece correr bem, com impacto para a marca e possibilidade de voltar a repetir-se, ent\u00e3o n\u00e3o vai quer descurar a comunica\u00e7\u00e3o p\u00f3s-evento, fundamental para agradecer e sedimentar a rela\u00e7\u00e3o que criou com os convidados. S\u00e3o muitas as marcas que param de falar com a comunidade no minuto o que termina o evento, pondo em causa os la\u00e7os criados e todo o tempo e dinheiro investido.<\/p>\n<h2>Experi\u00eancia Message in a Bottle<\/h2>\n<p>Na <a href=\"https:\/\/messageinabottle.pt\/\" target=\"_blank\" rel=\"noopener\">Message in a Bottle<\/a> trabalhamos atualmente na comunica\u00e7\u00e3o do <a href=\"https:\/\/www.facebook.com\/bookmarks\/pages?ref_type=logout_gear\" target=\"_blank\" rel=\"noopener\">Festival das Artes<\/a>, a realizar-se de 13 a 22 de Julho em Coimbra, na Quinta das L\u00e1grimas.<\/p>\n<p>Al\u00e9m da divulga\u00e7\u00e3o ao n\u00edvel das redes sociais, trabalhamos com frequ\u00eancia em eventos e ativa\u00e7\u00f5es de marca ao n\u00edvel da assessoria de imprensa e rela\u00e7\u00f5es p\u00fablicas, como por exemplo da passada Quinzena Gastron\u00f3mica do Polvo da Lourinh\u00e3 e Recria\u00e7\u00e3o Hist\u00f3rica da Batalha do Vimeiro.<\/p>\n<p>&nbsp;<\/p>\n<p>by<a href=\"https:\/\/www.messageinabottle.pt\/o-nosso-adn-2\/\" target=\"_blank\" rel=\"noopener\">\u00a0Sara Vitorino, Online Marketing Manager na Message in a Bottle<\/a><\/p>","protected":false},"excerpt":{"rendered":"<p>Juntamos eventos e redes sociais para criar estrat\u00e9gias de sucesso Cada vez mais consultamos a agenda da cidade, descobrimos novas atividades e selecionamos os eventos que nos interessam atrav\u00e9s do mundo online. A rela\u00e7\u00e3o entre eventos e redes sociais tomou de tal forma propor\u00e7\u00e3o que, hoje, h\u00e1 quem fa\u00e7a a promo\u00e7\u00e3o exclusivamente online. Afinal, gra\u00e7as [&hellip;]<\/p>\n","protected":false},"author":10,"featured_media":17965,"comment_status":"closed","ping_status":"closed","sticky":false,"template":"","format":"standard","meta":{"_acf_changed":false,"footnotes":""},"categories":[85,208,47],"tags":[138,145,148,13],"acf":[],"yoast_head":"<!-- This site is optimized with the Yoast SEO plugin v22.5 - https:\/\/yoast.com\/wordpress\/plugins\/seo\/ -->\n<title>Eventos e redes sociais: ative a sua comunidade - Message in a Bottle<\/title>\n<meta name=\"description\" content=\"A rela\u00e7\u00e3o entre eventos e redes sociais tomou de tal forma propor\u00e7\u00e3o que, hoje, h\u00e1 quem fa\u00e7a a promo\u00e7\u00e3o exclusivamente online. Leia para saber mais.\" \/>\n<meta name=\"robots\" content=\"index, follow, max-snippet:-1, max-image-preview:large, max-video-preview:-1\" \/>\n<link rel=\"canonical\" href=\"https:\/\/messageinabottle.pt\/redes-sociais\/eventos-e-redes-sociais\/\" \/>\n<meta property=\"og:locale\" content=\"en_US\" \/>\n<meta property=\"og:type\" content=\"article\" \/>\n<meta property=\"og:title\" content=\"Eventos e redes sociais: ative a sua comunidade - Message in a Bottle\" \/>\n<meta property=\"og:description\" content=\"A rela\u00e7\u00e3o entre eventos e redes sociais tomou de tal forma propor\u00e7\u00e3o que, hoje, h\u00e1 quem fa\u00e7a a promo\u00e7\u00e3o exclusivamente online. Leia para saber mais.\" \/>\n<meta property=\"og:url\" content=\"https:\/\/messageinabottle.pt\/redes-sociais\/eventos-e-redes-sociais\/\" \/>\n<meta property=\"og:site_name\" content=\"Message In a Bottle\" \/>\n<meta property=\"article:publisher\" content=\"https:\/\/www.facebook.com\/messageinbottle\" \/>\n<meta property=\"article:published_time\" content=\"2018-06-20T12:30:42+00:00\" \/>\n<meta property=\"article:modified_time\" content=\"2019-07-05T10:21:00+00:00\" \/>\n<meta property=\"og:image\" content=\"https:\/\/messageinabottle.pt\/wp-content\/uploads\/2018\/06\/eventos-e-redes-sociais.jpg\" \/>\n\t<meta property=\"og:image:width\" content=\"1544\" \/>\n\t<meta property=\"og:image:height\" content=\"1231\" \/>\n\t<meta property=\"og:image:type\" content=\"image\/jpeg\" \/>\n<meta name=\"author\" content=\"MIB\" \/>\n<meta name=\"twitter:card\" content=\"summary_large_image\" \/>\n<meta name=\"twitter:creator\" content=\"@MibLx\" \/>\n<meta name=\"twitter:site\" content=\"@MibLx\" \/>\n<meta name=\"twitter:label1\" content=\"Written by\" \/>\n\t<meta name=\"twitter:data1\" content=\"MIB\" \/>\n\t<meta name=\"twitter:label2\" content=\"Est. reading time\" \/>\n\t<meta name=\"twitter:data2\" content=\"9 minutes\" \/>\n<script type=\"application\/ld+json\" class=\"yoast-schema-graph\">{\"@context\":\"https:\/\/schema.org\",\"@graph\":[{\"@type\":\"Article\",\"@id\":\"https:\/\/messageinabottle.pt\/redes-sociais\/eventos-e-redes-sociais\/#article\",\"isPartOf\":{\"@id\":\"https:\/\/messageinabottle.pt\/redes-sociais\/eventos-e-redes-sociais\/\"},\"author\":{\"name\":\"MIB\",\"@id\":\"https:\/\/messageinabottle.pt\/#\/schema\/person\/fcc9c49ae8588ac0e400d132a5191cde\"},\"headline\":\"Eventos e redes sociais: ative a sua comunidade\",\"datePublished\":\"2018-06-20T12:30:42+00:00\",\"dateModified\":\"2019-07-05T10:21:00+00:00\",\"mainEntityOfPage\":{\"@id\":\"https:\/\/messageinabottle.pt\/redes-sociais\/eventos-e-redes-sociais\/\"},\"wordCount\":1798,\"publisher\":{\"@id\":\"https:\/\/messageinabottle.pt\/#organization\"},\"image\":{\"@id\":\"https:\/\/messageinabottle.pt\/redes-sociais\/eventos-e-redes-sociais\/#primaryimage\"},\"thumbnailUrl\":\"https:\/\/messageinabottle.pt\/wp-content\/uploads\/2018\/06\/eventos-e-redes-sociais.jpg\",\"keywords\":[\"assessoria\",\"Blog\",\"eventos\",\"redes sociais\"],\"articleSection\":[\"Content Marketing\",\"Eventos\",\"Redes Sociais\"],\"inLanguage\":\"en-US\"},{\"@type\":\"WebPage\",\"@id\":\"https:\/\/messageinabottle.pt\/redes-sociais\/eventos-e-redes-sociais\/\",\"url\":\"https:\/\/messageinabottle.pt\/redes-sociais\/eventos-e-redes-sociais\/\",\"name\":\"Eventos e redes sociais: ative a sua comunidade - Message in a Bottle\",\"isPartOf\":{\"@id\":\"https:\/\/messageinabottle.pt\/#website\"},\"primaryImageOfPage\":{\"@id\":\"https:\/\/messageinabottle.pt\/redes-sociais\/eventos-e-redes-sociais\/#primaryimage\"},\"image\":{\"@id\":\"https:\/\/messageinabottle.pt\/redes-sociais\/eventos-e-redes-sociais\/#primaryimage\"},\"thumbnailUrl\":\"https:\/\/messageinabottle.pt\/wp-content\/uploads\/2018\/06\/eventos-e-redes-sociais.jpg\",\"datePublished\":\"2018-06-20T12:30:42+00:00\",\"dateModified\":\"2019-07-05T10:21:00+00:00\",\"description\":\"A rela\u00e7\u00e3o entre eventos e redes sociais tomou de tal forma propor\u00e7\u00e3o que, hoje, h\u00e1 quem fa\u00e7a a promo\u00e7\u00e3o exclusivamente online. Leia para saber mais.\",\"breadcrumb\":{\"@id\":\"https:\/\/messageinabottle.pt\/redes-sociais\/eventos-e-redes-sociais\/#breadcrumb\"},\"inLanguage\":\"en-US\",\"potentialAction\":[{\"@type\":\"ReadAction\",\"target\":[\"https:\/\/messageinabottle.pt\/redes-sociais\/eventos-e-redes-sociais\/\"]}]},{\"@type\":\"ImageObject\",\"inLanguage\":\"en-US\",\"@id\":\"https:\/\/messageinabottle.pt\/redes-sociais\/eventos-e-redes-sociais\/#primaryimage\",\"url\":\"https:\/\/messageinabottle.pt\/wp-content\/uploads\/2018\/06\/eventos-e-redes-sociais.jpg\",\"contentUrl\":\"https:\/\/messageinabottle.pt\/wp-content\/uploads\/2018\/06\/eventos-e-redes-sociais.jpg\",\"width\":1544,\"height\":1231,\"caption\":\"eventos e redes sociais\"},{\"@type\":\"BreadcrumbList\",\"@id\":\"https:\/\/messageinabottle.pt\/redes-sociais\/eventos-e-redes-sociais\/#breadcrumb\",\"itemListElement\":[{\"@type\":\"ListItem\",\"position\":1,\"name\":\"Home\",\"item\":\"https:\/\/messageinabottle.pt\/\"},{\"@type\":\"ListItem\",\"position\":2,\"name\":\"Eventos e redes sociais: ative a sua comunidade\"}]},{\"@type\":\"WebSite\",\"@id\":\"https:\/\/messageinabottle.pt\/#website\",\"url\":\"https:\/\/messageinabottle.pt\/\",\"name\":\"Message In a Bottle\",\"description\":\"Ag\u00eancia de Comunica\u00e7\u00e3o e Marketing\",\"publisher\":{\"@id\":\"https:\/\/messageinabottle.pt\/#organization\"},\"potentialAction\":[{\"@type\":\"SearchAction\",\"target\":{\"@type\":\"EntryPoint\",\"urlTemplate\":\"https:\/\/messageinabottle.pt\/?s={search_term_string}\"},\"query-input\":\"required name=search_term_string\"}],\"inLanguage\":\"en-US\"},{\"@type\":\"Organization\",\"@id\":\"https:\/\/messageinabottle.pt\/#organization\",\"name\":\"Message in a Bottle | Ag\u00eancia de Comunica\u00e7\u00e3o e Marketing\",\"url\":\"https:\/\/messageinabottle.pt\/\",\"logo\":{\"@type\":\"ImageObject\",\"inLanguage\":\"en-US\",\"@id\":\"https:\/\/messageinabottle.pt\/#\/schema\/logo\/image\/\",\"url\":\"https:\/\/messageinabottle.pt\/wp-content\/uploads\/2019\/06\/mib-logo.png\",\"contentUrl\":\"https:\/\/messageinabottle.pt\/wp-content\/uploads\/2019\/06\/mib-logo.png\",\"width\":1721,\"height\":676,\"caption\":\"Message in a Bottle | Ag\u00eancia de Comunica\u00e7\u00e3o e Marketing\"},\"image\":{\"@id\":\"https:\/\/messageinabottle.pt\/#\/schema\/logo\/image\/\"},\"sameAs\":[\"https:\/\/www.facebook.com\/messageinbottle\",\"https:\/\/x.com\/MibLx\",\"https:\/\/www.instagram.com\/messageinabottle_agency\/\",\"https:\/\/www.linkedin.com\/company\/miab---message-in-a-bottle\",\"https:\/\/www.pinterest.pt\/mibconsulting\/\"]},{\"@type\":\"Person\",\"@id\":\"https:\/\/messageinabottle.pt\/#\/schema\/person\/fcc9c49ae8588ac0e400d132a5191cde\",\"name\":\"MIB\"}]}<\/script>\n<!-- \/ Yoast SEO plugin. -->","yoast_head_json":{"title":"Eventos e redes sociais: ative a sua comunidade - Message in a Bottle","description":"A rela\u00e7\u00e3o entre eventos e redes sociais tomou de tal forma propor\u00e7\u00e3o que, hoje, h\u00e1 quem fa\u00e7a a promo\u00e7\u00e3o exclusivamente online. Leia para saber mais.","robots":{"index":"index","follow":"follow","max-snippet":"max-snippet:-1","max-image-preview":"max-image-preview:large","max-video-preview":"max-video-preview:-1"},"canonical":"https:\/\/messageinabottle.pt\/redes-sociais\/eventos-e-redes-sociais\/","og_locale":"en_US","og_type":"article","og_title":"Eventos e redes sociais: ative a sua comunidade - Message in a Bottle","og_description":"A rela\u00e7\u00e3o entre eventos e redes sociais tomou de tal forma propor\u00e7\u00e3o que, hoje, h\u00e1 quem fa\u00e7a a promo\u00e7\u00e3o exclusivamente online. Leia para saber mais.","og_url":"https:\/\/messageinabottle.pt\/redes-sociais\/eventos-e-redes-sociais\/","og_site_name":"Message In a Bottle","article_publisher":"https:\/\/www.facebook.com\/messageinbottle","article_published_time":"2018-06-20T12:30:42+00:00","article_modified_time":"2019-07-05T10:21:00+00:00","og_image":[{"width":1544,"height":1231,"url":"https:\/\/messageinabottle.pt\/wp-content\/uploads\/2018\/06\/eventos-e-redes-sociais.jpg","type":"image\/jpeg"}],"author":"MIB","twitter_card":"summary_large_image","twitter_creator":"@MibLx","twitter_site":"@MibLx","twitter_misc":{"Written by":"MIB","Est. reading time":"9 minutes"},"schema":{"@context":"https:\/\/schema.org","@graph":[{"@type":"Article","@id":"https:\/\/messageinabottle.pt\/redes-sociais\/eventos-e-redes-sociais\/#article","isPartOf":{"@id":"https:\/\/messageinabottle.pt\/redes-sociais\/eventos-e-redes-sociais\/"},"author":{"name":"MIB","@id":"https:\/\/messageinabottle.pt\/#\/schema\/person\/fcc9c49ae8588ac0e400d132a5191cde"},"headline":"Eventos e redes sociais: ative a sua comunidade","datePublished":"2018-06-20T12:30:42+00:00","dateModified":"2019-07-05T10:21:00+00:00","mainEntityOfPage":{"@id":"https:\/\/messageinabottle.pt\/redes-sociais\/eventos-e-redes-sociais\/"},"wordCount":1798,"publisher":{"@id":"https:\/\/messageinabottle.pt\/#organization"},"image":{"@id":"https:\/\/messageinabottle.pt\/redes-sociais\/eventos-e-redes-sociais\/#primaryimage"},"thumbnailUrl":"https:\/\/messageinabottle.pt\/wp-content\/uploads\/2018\/06\/eventos-e-redes-sociais.jpg","keywords":["assessoria","Blog","eventos","redes sociais"],"articleSection":["Content Marketing","Eventos","Redes Sociais"],"inLanguage":"en-US"},{"@type":"WebPage","@id":"https:\/\/messageinabottle.pt\/redes-sociais\/eventos-e-redes-sociais\/","url":"https:\/\/messageinabottle.pt\/redes-sociais\/eventos-e-redes-sociais\/","name":"Eventos e redes sociais: ative a sua comunidade - Message in a Bottle","isPartOf":{"@id":"https:\/\/messageinabottle.pt\/#website"},"primaryImageOfPage":{"@id":"https:\/\/messageinabottle.pt\/redes-sociais\/eventos-e-redes-sociais\/#primaryimage"},"image":{"@id":"https:\/\/messageinabottle.pt\/redes-sociais\/eventos-e-redes-sociais\/#primaryimage"},"thumbnailUrl":"https:\/\/messageinabottle.pt\/wp-content\/uploads\/2018\/06\/eventos-e-redes-sociais.jpg","datePublished":"2018-06-20T12:30:42+00:00","dateModified":"2019-07-05T10:21:00+00:00","description":"A rela\u00e7\u00e3o entre eventos e redes sociais tomou de tal forma propor\u00e7\u00e3o que, hoje, h\u00e1 quem fa\u00e7a a promo\u00e7\u00e3o exclusivamente online. Leia para saber mais.","breadcrumb":{"@id":"https:\/\/messageinabottle.pt\/redes-sociais\/eventos-e-redes-sociais\/#breadcrumb"},"inLanguage":"en-US","potentialAction":[{"@type":"ReadAction","target":["https:\/\/messageinabottle.pt\/redes-sociais\/eventos-e-redes-sociais\/"]}]},{"@type":"ImageObject","inLanguage":"en-US","@id":"https:\/\/messageinabottle.pt\/redes-sociais\/eventos-e-redes-sociais\/#primaryimage","url":"https:\/\/messageinabottle.pt\/wp-content\/uploads\/2018\/06\/eventos-e-redes-sociais.jpg","contentUrl":"https:\/\/messageinabottle.pt\/wp-content\/uploads\/2018\/06\/eventos-e-redes-sociais.jpg","width":1544,"height":1231,"caption":"eventos e redes sociais"},{"@type":"BreadcrumbList","@id":"https:\/\/messageinabottle.pt\/redes-sociais\/eventos-e-redes-sociais\/#breadcrumb","itemListElement":[{"@type":"ListItem","position":1,"name":"Home","item":"https:\/\/messageinabottle.pt\/"},{"@type":"ListItem","position":2,"name":"Eventos e redes sociais: ative a sua comunidade"}]},{"@type":"WebSite","@id":"https:\/\/messageinabottle.pt\/#website","url":"https:\/\/messageinabottle.pt\/","name":"Message In a Bottle","description":"Ag\u00eancia de Comunica\u00e7\u00e3o e Marketing","publisher":{"@id":"https:\/\/messageinabottle.pt\/#organization"},"potentialAction":[{"@type":"SearchAction","target":{"@type":"EntryPoint","urlTemplate":"https:\/\/messageinabottle.pt\/?s={search_term_string}"},"query-input":"required name=search_term_string"}],"inLanguage":"en-US"},{"@type":"Organization","@id":"https:\/\/messageinabottle.pt\/#organization","name":"Message in a Bottle | Ag\u00eancia de Comunica\u00e7\u00e3o e Marketing","url":"https:\/\/messageinabottle.pt\/","logo":{"@type":"ImageObject","inLanguage":"en-US","@id":"https:\/\/messageinabottle.pt\/#\/schema\/logo\/image\/","url":"https:\/\/messageinabottle.pt\/wp-content\/uploads\/2019\/06\/mib-logo.png","contentUrl":"https:\/\/messageinabottle.pt\/wp-content\/uploads\/2019\/06\/mib-logo.png","width":1721,"height":676,"caption":"Message in a Bottle | Ag\u00eancia de Comunica\u00e7\u00e3o e Marketing"},"image":{"@id":"https:\/\/messageinabottle.pt\/#\/schema\/logo\/image\/"},"sameAs":["https:\/\/www.facebook.com\/messageinbottle","https:\/\/x.com\/MibLx","https:\/\/www.instagram.com\/messageinabottle_agency\/","https:\/\/www.linkedin.com\/company\/miab---message-in-a-bottle","https:\/\/www.pinterest.pt\/mibconsulting\/"]},{"@type":"Person","@id":"https:\/\/messageinabottle.pt\/#\/schema\/person\/fcc9c49ae8588ac0e400d132a5191cde","name":"MIB"}]}},"_links":{"self":[{"href":"https:\/\/messageinabottle.pt\/en\/wp-json\/wp\/v2\/posts\/17964"}],"collection":[{"href":"https:\/\/messageinabottle.pt\/en\/wp-json\/wp\/v2\/posts"}],"about":[{"href":"https:\/\/messageinabottle.pt\/en\/wp-json\/wp\/v2\/types\/post"}],"author":[{"embeddable":true,"href":"https:\/\/messageinabottle.pt\/en\/wp-json\/wp\/v2\/users\/10"}],"replies":[{"embeddable":true,"href":"https:\/\/messageinabottle.pt\/en\/wp-json\/wp\/v2\/comments?post=17964"}],"version-history":[{"count":2,"href":"https:\/\/messageinabottle.pt\/en\/wp-json\/wp\/v2\/posts\/17964\/revisions"}],"predecessor-version":[{"id":19118,"href":"https:\/\/messageinabottle.pt\/en\/wp-json\/wp\/v2\/posts\/17964\/revisions\/19118"}],"wp:featuredmedia":[{"embeddable":true,"href":"https:\/\/messageinabottle.pt\/en\/wp-json\/wp\/v2\/media\/17965"}],"wp:attachment":[{"href":"https:\/\/messageinabottle.pt\/en\/wp-json\/wp\/v2\/media?parent=17964"}],"wp:term":[{"taxonomy":"category","embeddable":true,"href":"https:\/\/messageinabottle.pt\/en\/wp-json\/wp\/v2\/categories?post=17964"},{"taxonomy":"post_tag","embeddable":true,"href":"https:\/\/messageinabottle.pt\/en\/wp-json\/wp\/v2\/tags?post=17964"}],"curies":[{"name":"wp","href":"https:\/\/api.w.org\/{rel}","templated":true}]}}