{"id":17976,"date":"2018-07-12T14:48:08","date_gmt":"2018-07-12T14:48:08","guid":{"rendered":"https:\/\/www.messageinabottle.pt\/?p=17976"},"modified":"2019-07-05T11:16:46","modified_gmt":"2019-07-05T10:16:46","slug":"latam-airlines-chega-a-lisboa","status":"publish","type":"post","link":"https:\/\/messageinabottle.pt\/en\/noticias\/latam-airlines-chega-a-lisboa\/","title":{"rendered":"LATAM Airlines chega a Lisboa, aproximando-nos da Am\u00e9rica Latina"},"content":{"rendered":"<p>A <a href=\"https:\/\/www.latam.com\/pt_br\/voos-destinos\/\" target=\"_blank\" rel=\"noopener\">LATAM Airlines<\/a> realizou uma apresenta\u00e7\u00e3o \u00e0 imprensa no passado dia 28 de junho em Lisboa. A maior companhia a\u00e9rea da Am\u00e9rica Latina escolheu a capital lisboeta para divulgar a nova rota Lisboa-S\u00e3o Paulo que ligar\u00e1 a cidade portuguesa a 120 destinos dessa zona do globo.<\/p>\n<p>A partir de 3 de setembro, data do voo inaugural, a LATAM operar\u00e1 cinco voos diretos semanais entre as duas cidades, integrando o plano de expans\u00e3o internacional da companhia a\u00e9rea que nos \u00faltimos anos lan\u00e7ou 30 novas rotas internacionais.<\/p>\n<p>A apresenta\u00e7\u00e3o foi liderada por Rodrigo Contreras, Diretor-Geral Europa da LATAM, e\u00a0 contou com a presen\u00e7a de cerca de 14 \u00f3rg\u00e3os de comunica\u00e7\u00e3o social entre imprensa de turismo e economia.<\/p>\n<p>A LATAM Airlines Group \u00e9 a principal companhia a\u00e9rea da Am\u00e9rica Latina e uma das maiores do mundo em rede de liga\u00e7\u00f5es, com oferta de servi\u00e7os para cerca de 140 destinos em 25 pa\u00edses, com presen\u00e7a em seis mercados dom\u00e9sticos: Argentina, Brasil, Chile, Col\u00f4mbia, Equador e Peru e opera\u00e7\u00f5es internacionais a partir da Am\u00e9rica do sul para a Europa, Estados-Unidos, Cara\u00edbas, Oce\u00e2nia e \u00c1frica.<\/p>\n<p>Na <a href=\"https:\/\/www.messageinabottle.pt\/\" target=\"_blank\" rel=\"noopener\">Message in a Bottle<\/a> estamos orgulhosos por trabalhar a divulga\u00e7\u00e3o junto dos <em>media<\/em> da nova rota da LATAM Airlines.<\/p>\n<p>&nbsp;<\/p>\n<p>by <a href=\"https:\/\/www.messageinabottle.pt\/o-nosso-adn-2\/\" target=\"_blank\" rel=\"noopener\">Alexandra Mendon\u00e7a, Communications Manager na Message in a Bottle<\/a><\/p>\n<p>&nbsp;<\/p>\n<p>&nbsp;<\/p>","protected":false},"excerpt":{"rendered":"<p>A LATAM Airlines realizou uma apresenta\u00e7\u00e3o \u00e0 imprensa no passado dia 28 de junho em Lisboa. A maior companhia a\u00e9rea da Am\u00e9rica Latina escolheu a capital lisboeta para divulgar a nova rota Lisboa-S\u00e3o Paulo que ligar\u00e1 a cidade portuguesa a 120 destinos dessa zona do globo. A partir de 3 de setembro, data do voo [&hellip;]<\/p>\n","protected":false},"author":10,"featured_media":17977,"comment_status":"closed","ping_status":"closed","sticky":false,"template":"","format":"standard","meta":{"_acf_changed":false,"footnotes":""},"categories":[84,206,204],"tags":[138,152,30],"acf":[],"yoast_head":"<!-- This site is optimized with the Yoast SEO plugin v22.5 - https:\/\/yoast.com\/wordpress\/plugins\/seo\/ -->\n<title>LATAM Airlines chega a Lisboa, aproximando-nos da Am\u00e9rica Latina<\/title>\n<meta name=\"description\" content=\"A LATAM Airlines, a maior companhia a\u00e9rea da Am\u00e9rica Latina escolheu a capital lisboeta para divulgar a nova rota Lisboa-S\u00e3o Paulo. Leia mais!\" \/>\n<meta name=\"robots\" content=\"index, follow, max-snippet:-1, max-image-preview:large, max-video-preview:-1\" \/>\n<link rel=\"canonical\" href=\"https:\/\/messageinabottle.pt\/noticias\/latam-airlines-chega-a-lisboa\/\" \/>\n<meta property=\"og:locale\" content=\"en_US\" \/>\n<meta property=\"og:type\" content=\"article\" \/>\n<meta property=\"og:title\" content=\"LATAM Airlines chega a Lisboa, aproximando-nos da Am\u00e9rica Latina\" \/>\n<meta property=\"og:description\" content=\"A LATAM Airlines, a maior companhia a\u00e9rea da Am\u00e9rica Latina escolheu a capital lisboeta para divulgar a nova rota Lisboa-S\u00e3o Paulo. Leia mais!\" \/>\n<meta property=\"og:url\" content=\"https:\/\/messageinabottle.pt\/noticias\/latam-airlines-chega-a-lisboa\/\" \/>\n<meta property=\"og:site_name\" content=\"Message In a Bottle\" \/>\n<meta property=\"article:publisher\" content=\"https:\/\/www.facebook.com\/messageinbottle\" \/>\n<meta property=\"article:published_time\" content=\"2018-07-12T14:48:08+00:00\" \/>\n<meta property=\"article:modified_time\" content=\"2019-07-05T10:16:46+00:00\" \/>\n<meta property=\"og:image\" content=\"https:\/\/messageinabottle.pt\/wp-content\/uploads\/2018\/07\/LATAM-Airlines.jpg\" \/>\n\t<meta property=\"og:image:width\" content=\"941\" \/>\n\t<meta property=\"og:image:height\" content=\"576\" \/>\n\t<meta property=\"og:image:type\" content=\"image\/jpeg\" \/>\n<meta name=\"author\" content=\"MIB\" \/>\n<meta name=\"twitter:card\" content=\"summary_large_image\" \/>\n<meta name=\"twitter:creator\" content=\"@MibLx\" \/>\n<meta name=\"twitter:site\" content=\"@MibLx\" \/>\n<meta name=\"twitter:label1\" content=\"Written by\" \/>\n\t<meta name=\"twitter:data1\" content=\"MIB\" \/>\n\t<meta name=\"twitter:label2\" content=\"Est. reading time\" \/>\n\t<meta name=\"twitter:data2\" content=\"2 minutes\" \/>\n<script type=\"application\/ld+json\" class=\"yoast-schema-graph\">{\"@context\":\"https:\/\/schema.org\",\"@graph\":[{\"@type\":\"Article\",\"@id\":\"https:\/\/messageinabottle.pt\/noticias\/latam-airlines-chega-a-lisboa\/#article\",\"isPartOf\":{\"@id\":\"https:\/\/messageinabottle.pt\/noticias\/latam-airlines-chega-a-lisboa\/\"},\"author\":{\"name\":\"MIB\",\"@id\":\"https:\/\/messageinabottle.pt\/#\/schema\/person\/fcc9c49ae8588ac0e400d132a5191cde\"},\"headline\":\"LATAM Airlines chega a Lisboa, aproximando-nos da Am\u00e9rica Latina\",\"datePublished\":\"2018-07-12T14:48:08+00:00\",\"dateModified\":\"2019-07-05T10:16:46+00:00\",\"mainEntityOfPage\":{\"@id\":\"https:\/\/messageinabottle.pt\/noticias\/latam-airlines-chega-a-lisboa\/\"},\"wordCount\":465,\"publisher\":{\"@id\":\"https:\/\/messageinabottle.pt\/#organization\"},\"image\":{\"@id\":\"https:\/\/messageinabottle.pt\/noticias\/latam-airlines-chega-a-lisboa\/#primaryimage\"},\"thumbnailUrl\":\"https:\/\/messageinabottle.pt\/wp-content\/uploads\/2018\/07\/LATAM-Airlines.jpg\",\"keywords\":[\"assessoria\",\"LATAM Airlines\",\"message in a bottle\"],\"articleSection\":[\"Assessoria\",\"Clientes\",\"Not\u00edcias\"],\"inLanguage\":\"en-US\"},{\"@type\":\"WebPage\",\"@id\":\"https:\/\/messageinabottle.pt\/noticias\/latam-airlines-chega-a-lisboa\/\",\"url\":\"https:\/\/messageinabottle.pt\/noticias\/latam-airlines-chega-a-lisboa\/\",\"name\":\"LATAM Airlines chega a Lisboa, aproximando-nos da Am\u00e9rica Latina\",\"isPartOf\":{\"@id\":\"https:\/\/messageinabottle.pt\/#website\"},\"primaryImageOfPage\":{\"@id\":\"https:\/\/messageinabottle.pt\/noticias\/latam-airlines-chega-a-lisboa\/#primaryimage\"},\"image\":{\"@id\":\"https:\/\/messageinabottle.pt\/noticias\/latam-airlines-chega-a-lisboa\/#primaryimage\"},\"thumbnailUrl\":\"https:\/\/messageinabottle.pt\/wp-content\/uploads\/2018\/07\/LATAM-Airlines.jpg\",\"datePublished\":\"2018-07-12T14:48:08+00:00\",\"dateModified\":\"2019-07-05T10:16:46+00:00\",\"description\":\"A LATAM Airlines, a maior companhia a\u00e9rea da Am\u00e9rica Latina escolheu a capital lisboeta para divulgar a nova rota Lisboa-S\u00e3o Paulo. Leia mais!\",\"breadcrumb\":{\"@id\":\"https:\/\/messageinabottle.pt\/noticias\/latam-airlines-chega-a-lisboa\/#breadcrumb\"},\"inLanguage\":\"en-US\",\"potentialAction\":[{\"@type\":\"ReadAction\",\"target\":[\"https:\/\/messageinabottle.pt\/noticias\/latam-airlines-chega-a-lisboa\/\"]}]},{\"@type\":\"ImageObject\",\"inLanguage\":\"en-US\",\"@id\":\"https:\/\/messageinabottle.pt\/noticias\/latam-airlines-chega-a-lisboa\/#primaryimage\",\"url\":\"https:\/\/messageinabottle.pt\/wp-content\/uploads\/2018\/07\/LATAM-Airlines.jpg\",\"contentUrl\":\"https:\/\/messageinabottle.pt\/wp-content\/uploads\/2018\/07\/LATAM-Airlines.jpg\",\"width\":941,\"height\":576,\"caption\":\"LATAM Airlines\"},{\"@type\":\"BreadcrumbList\",\"@id\":\"https:\/\/messageinabottle.pt\/noticias\/latam-airlines-chega-a-lisboa\/#breadcrumb\",\"itemListElement\":[{\"@type\":\"ListItem\",\"position\":1,\"name\":\"Home\",\"item\":\"https:\/\/messageinabottle.pt\/\"},{\"@type\":\"ListItem\",\"position\":2,\"name\":\"LATAM Airlines chega a Lisboa, aproximando-nos da Am\u00e9rica Latina\"}]},{\"@type\":\"WebSite\",\"@id\":\"https:\/\/messageinabottle.pt\/#website\",\"url\":\"https:\/\/messageinabottle.pt\/\",\"name\":\"Message In a Bottle\",\"description\":\"Ag\u00eancia de Comunica\u00e7\u00e3o e Marketing\",\"publisher\":{\"@id\":\"https:\/\/messageinabottle.pt\/#organization\"},\"potentialAction\":[{\"@type\":\"SearchAction\",\"target\":{\"@type\":\"EntryPoint\",\"urlTemplate\":\"https:\/\/messageinabottle.pt\/?s={search_term_string}\"},\"query-input\":\"required name=search_term_string\"}],\"inLanguage\":\"en-US\"},{\"@type\":\"Organization\",\"@id\":\"https:\/\/messageinabottle.pt\/#organization\",\"name\":\"Message in a Bottle | Ag\u00eancia de Comunica\u00e7\u00e3o e Marketing\",\"url\":\"https:\/\/messageinabottle.pt\/\",\"logo\":{\"@type\":\"ImageObject\",\"inLanguage\":\"en-US\",\"@id\":\"https:\/\/messageinabottle.pt\/#\/schema\/logo\/image\/\",\"url\":\"https:\/\/messageinabottle.pt\/wp-content\/uploads\/2019\/06\/mib-logo.png\",\"contentUrl\":\"https:\/\/messageinabottle.pt\/wp-content\/uploads\/2019\/06\/mib-logo.png\",\"width\":1721,\"height\":676,\"caption\":\"Message in a Bottle | Ag\u00eancia de Comunica\u00e7\u00e3o e Marketing\"},\"image\":{\"@id\":\"https:\/\/messageinabottle.pt\/#\/schema\/logo\/image\/\"},\"sameAs\":[\"https:\/\/www.facebook.com\/messageinbottle\",\"https:\/\/x.com\/MibLx\",\"https:\/\/www.instagram.com\/messageinabottle_agency\/\",\"https:\/\/www.linkedin.com\/company\/miab---message-in-a-bottle\",\"https:\/\/www.pinterest.pt\/mibconsulting\/\"]},{\"@type\":\"Person\",\"@id\":\"https:\/\/messageinabottle.pt\/#\/schema\/person\/fcc9c49ae8588ac0e400d132a5191cde\",\"name\":\"MIB\"}]}<\/script>\n<!-- \/ Yoast SEO plugin. -->","yoast_head_json":{"title":"LATAM Airlines chega a Lisboa, aproximando-nos da Am\u00e9rica Latina","description":"A LATAM Airlines, a maior companhia a\u00e9rea da Am\u00e9rica Latina escolheu a capital lisboeta para divulgar a nova rota Lisboa-S\u00e3o Paulo. Leia mais!","robots":{"index":"index","follow":"follow","max-snippet":"max-snippet:-1","max-image-preview":"max-image-preview:large","max-video-preview":"max-video-preview:-1"},"canonical":"https:\/\/messageinabottle.pt\/noticias\/latam-airlines-chega-a-lisboa\/","og_locale":"en_US","og_type":"article","og_title":"LATAM Airlines chega a Lisboa, aproximando-nos da Am\u00e9rica Latina","og_description":"A LATAM Airlines, a maior companhia a\u00e9rea da Am\u00e9rica Latina escolheu a capital lisboeta para divulgar a nova rota Lisboa-S\u00e3o Paulo. Leia mais!","og_url":"https:\/\/messageinabottle.pt\/noticias\/latam-airlines-chega-a-lisboa\/","og_site_name":"Message In a Bottle","article_publisher":"https:\/\/www.facebook.com\/messageinbottle","article_published_time":"2018-07-12T14:48:08+00:00","article_modified_time":"2019-07-05T10:16:46+00:00","og_image":[{"width":941,"height":576,"url":"https:\/\/messageinabottle.pt\/wp-content\/uploads\/2018\/07\/LATAM-Airlines.jpg","type":"image\/jpeg"}],"author":"MIB","twitter_card":"summary_large_image","twitter_creator":"@MibLx","twitter_site":"@MibLx","twitter_misc":{"Written by":"MIB","Est. reading time":"2 minutes"},"schema":{"@context":"https:\/\/schema.org","@graph":[{"@type":"Article","@id":"https:\/\/messageinabottle.pt\/noticias\/latam-airlines-chega-a-lisboa\/#article","isPartOf":{"@id":"https:\/\/messageinabottle.pt\/noticias\/latam-airlines-chega-a-lisboa\/"},"author":{"name":"MIB","@id":"https:\/\/messageinabottle.pt\/#\/schema\/person\/fcc9c49ae8588ac0e400d132a5191cde"},"headline":"LATAM Airlines chega a Lisboa, aproximando-nos da Am\u00e9rica Latina","datePublished":"2018-07-12T14:48:08+00:00","dateModified":"2019-07-05T10:16:46+00:00","mainEntityOfPage":{"@id":"https:\/\/messageinabottle.pt\/noticias\/latam-airlines-chega-a-lisboa\/"},"wordCount":465,"publisher":{"@id":"https:\/\/messageinabottle.pt\/#organization"},"image":{"@id":"https:\/\/messageinabottle.pt\/noticias\/latam-airlines-chega-a-lisboa\/#primaryimage"},"thumbnailUrl":"https:\/\/messageinabottle.pt\/wp-content\/uploads\/2018\/07\/LATAM-Airlines.jpg","keywords":["assessoria","LATAM Airlines","message in a bottle"],"articleSection":["Assessoria","Clientes","Not\u00edcias"],"inLanguage":"en-US"},{"@type":"WebPage","@id":"https:\/\/messageinabottle.pt\/noticias\/latam-airlines-chega-a-lisboa\/","url":"https:\/\/messageinabottle.pt\/noticias\/latam-airlines-chega-a-lisboa\/","name":"LATAM Airlines chega a Lisboa, aproximando-nos da Am\u00e9rica Latina","isPartOf":{"@id":"https:\/\/messageinabottle.pt\/#website"},"primaryImageOfPage":{"@id":"https:\/\/messageinabottle.pt\/noticias\/latam-airlines-chega-a-lisboa\/#primaryimage"},"image":{"@id":"https:\/\/messageinabottle.pt\/noticias\/latam-airlines-chega-a-lisboa\/#primaryimage"},"thumbnailUrl":"https:\/\/messageinabottle.pt\/wp-content\/uploads\/2018\/07\/LATAM-Airlines.jpg","datePublished":"2018-07-12T14:48:08+00:00","dateModified":"2019-07-05T10:16:46+00:00","description":"A LATAM Airlines, a maior companhia a\u00e9rea da Am\u00e9rica Latina escolheu a capital lisboeta para divulgar a nova rota Lisboa-S\u00e3o Paulo. Leia mais!","breadcrumb":{"@id":"https:\/\/messageinabottle.pt\/noticias\/latam-airlines-chega-a-lisboa\/#breadcrumb"},"inLanguage":"en-US","potentialAction":[{"@type":"ReadAction","target":["https:\/\/messageinabottle.pt\/noticias\/latam-airlines-chega-a-lisboa\/"]}]},{"@type":"ImageObject","inLanguage":"en-US","@id":"https:\/\/messageinabottle.pt\/noticias\/latam-airlines-chega-a-lisboa\/#primaryimage","url":"https:\/\/messageinabottle.pt\/wp-content\/uploads\/2018\/07\/LATAM-Airlines.jpg","contentUrl":"https:\/\/messageinabottle.pt\/wp-content\/uploads\/2018\/07\/LATAM-Airlines.jpg","width":941,"height":576,"caption":"LATAM Airlines"},{"@type":"BreadcrumbList","@id":"https:\/\/messageinabottle.pt\/noticias\/latam-airlines-chega-a-lisboa\/#breadcrumb","itemListElement":[{"@type":"ListItem","position":1,"name":"Home","item":"https:\/\/messageinabottle.pt\/"},{"@type":"ListItem","position":2,"name":"LATAM Airlines chega a Lisboa, aproximando-nos da Am\u00e9rica Latina"}]},{"@type":"WebSite","@id":"https:\/\/messageinabottle.pt\/#website","url":"https:\/\/messageinabottle.pt\/","name":"Message In a Bottle","description":"Ag\u00eancia de Comunica\u00e7\u00e3o e Marketing","publisher":{"@id":"https:\/\/messageinabottle.pt\/#organization"},"potentialAction":[{"@type":"SearchAction","target":{"@type":"EntryPoint","urlTemplate":"https:\/\/messageinabottle.pt\/?s={search_term_string}"},"query-input":"required name=search_term_string"}],"inLanguage":"en-US"},{"@type":"Organization","@id":"https:\/\/messageinabottle.pt\/#organization","name":"Message in a Bottle | Ag\u00eancia de Comunica\u00e7\u00e3o e Marketing","url":"https:\/\/messageinabottle.pt\/","logo":{"@type":"ImageObject","inLanguage":"en-US","@id":"https:\/\/messageinabottle.pt\/#\/schema\/logo\/image\/","url":"https:\/\/messageinabottle.pt\/wp-content\/uploads\/2019\/06\/mib-logo.png","contentUrl":"https:\/\/messageinabottle.pt\/wp-content\/uploads\/2019\/06\/mib-logo.png","width":1721,"height":676,"caption":"Message in a Bottle | Ag\u00eancia de Comunica\u00e7\u00e3o e Marketing"},"image":{"@id":"https:\/\/messageinabottle.pt\/#\/schema\/logo\/image\/"},"sameAs":["https:\/\/www.facebook.com\/messageinbottle","https:\/\/x.com\/MibLx","https:\/\/www.instagram.com\/messageinabottle_agency\/","https:\/\/www.linkedin.com\/company\/miab---message-in-a-bottle","https:\/\/www.pinterest.pt\/mibconsulting\/"]},{"@type":"Person","@id":"https:\/\/messageinabottle.pt\/#\/schema\/person\/fcc9c49ae8588ac0e400d132a5191cde","name":"MIB"}]}},"_links":{"self":[{"href":"https:\/\/messageinabottle.pt\/en\/wp-json\/wp\/v2\/posts\/17976"}],"collection":[{"href":"https:\/\/messageinabottle.pt\/en\/wp-json\/wp\/v2\/posts"}],"about":[{"href":"https:\/\/messageinabottle.pt\/en\/wp-json\/wp\/v2\/types\/post"}],"author":[{"embeddable":true,"href":"https:\/\/messageinabottle.pt\/en\/wp-json\/wp\/v2\/users\/10"}],"replies":[{"embeddable":true,"href":"https:\/\/messageinabottle.pt\/en\/wp-json\/wp\/v2\/comments?post=17976"}],"version-history":[{"count":2,"href":"https:\/\/messageinabottle.pt\/en\/wp-json\/wp\/v2\/posts\/17976\/revisions"}],"predecessor-version":[{"id":19116,"href":"https:\/\/messageinabottle.pt\/en\/wp-json\/wp\/v2\/posts\/17976\/revisions\/19116"}],"wp:featuredmedia":[{"embeddable":true,"href":"https:\/\/messageinabottle.pt\/en\/wp-json\/wp\/v2\/media\/17977"}],"wp:attachment":[{"href":"https:\/\/messageinabottle.pt\/en\/wp-json\/wp\/v2\/media?parent=17976"}],"wp:term":[{"taxonomy":"category","embeddable":true,"href":"https:\/\/messageinabottle.pt\/en\/wp-json\/wp\/v2\/categories?post=17976"},{"taxonomy":"post_tag","embeddable":true,"href":"https:\/\/messageinabottle.pt\/en\/wp-json\/wp\/v2\/tags?post=17976"}],"curies":[{"name":"wp","href":"https:\/\/api.w.org\/{rel}","templated":true}]}}