{"id":19445,"date":"2019-12-02T11:13:41","date_gmt":"2019-12-02T11:13:41","guid":{"rendered":"https:\/\/messageinabottle.pt\/?p=19445"},"modified":"2020-11-09T14:39:22","modified_gmt":"2020-11-09T14:39:22","slug":"gestao-de-redes-sociais-para-que","status":"publish","type":"post","link":"https:\/\/messageinabottle.pt\/en\/agencia-de-comunicacao\/gestao-de-redes-sociais-para-que\/","title":{"rendered":"Gest\u00e3o de Redes Sociais (Parte 2\/2): Para qu\u00ea?"},"content":{"rendered":"<p class=\"qtranxs-available-languages-message qtranxs-available-languages-message-en\">Sorry, this entry is only available in <a href=\"https:\/\/messageinabottle.pt\/pt\/wp-json\/wp\/v2\/posts\/19445\" class=\"qtranxs-available-language-link qtranxs-available-language-link-pt\" title=\"PT\">PT<\/a>. For the sake of viewer convenience, the content is shown below in the alternative language. You may click the link to switch the active language.<\/p><p><\/p>\n<h4>\u00a0\u00a0\u00a0\u00a0\u00a0\u00a0\u00a0\u00a0\u00a0\u00a0\u00a0Na <a href=\"https:\/\/messageinabottle.pt\/blog\/gestao-de-redes-sociais-parte-1-2-porque\/\">primeira parte<\/a> deste artigo fic\u00e1mos a conhecer porque \u00e9 que contratar um gestor de redes sociais pode ser ben\u00e9fico para a sua empresa. Nesta segunda parte vamos explicar para que \u00e9 que este profissional \u00e9 importante e alguns dos papeis que desempenha. Mas acima de tudo, a import\u00e2ncia da <a href=\"https:\/\/messageinabottle.pt\/\">gest\u00e3o de redes sociais<\/a>.<\/h4>\n<p>&nbsp;<\/p>\n<ul>\n<li><strong>Eixos que o gestor de redes sociais vai trabalhar<\/strong><\/li>\n<\/ul>\n<h4><strong>1. Estrat<\/strong><strong>\u00e9gia<\/strong><\/h4>\n<p>Para que a sua marca possa prosperar nas redes sociais, \u00e9 preciso que tenha a sua estrat\u00e9gia digital bem definida. Publicar s\u00f3 por publicar, sem ter em conta <em>\u2018the bigger picture<\/em>\u2019 pode afetar negativamente a imagem da sua marca e acabar por afastar poss\u00edveis clientes.<\/p>\n<p>\u00c9 imprescind\u00edvel que a imagem que quer comunicar ao target esteja bem definida, numa l\u00f3gica n\u00e3o s\u00f3 das redes sociais mas tamb\u00e9m de marketing 360\u00ba.<\/p>\n<p>Um profissional de gest\u00e3o de redes sociais tem em conta todos estes aspetos e pode desenvolver, lado a lado consigo, a melhor estrat\u00e9gia para a sua marca. Desde as ferramentas a usar, ao lado est\u00e9tico a adotar e at\u00e9 ao tom com que comunica com o seu p\u00fablico, todos os detalhes da sua presen\u00e7a online podem beneficiar do trabalho deste profissional.<\/p>\n<p>&nbsp;<\/p>\n<h4><strong>2. Comunidade<\/strong><\/h4>\n<p>Segundo a Forbes, 66% dos consumidores, deixaram de ser clientes de alguma marca ap\u00f3s receberem um mau atendimento ao cliente nas redes sociais.<\/p>\n<p>Ter um gestor de redes sociais significa tamb\u00e9m que tem algu\u00e9m cujas fun\u00e7\u00f5es implicam a <a href=\"https:\/\/messageinabottle.pt\/redes-sociais\/community-management-3-razoes-para-fazer\/\">gest\u00e3o da sua comunidade<\/a>, ou seja, que est\u00e1 preparado para responder ao seu p\u00fablico da forma mais correta, sem nunca deixar de ter em conta quem a sua marca \u00e9 e quais os valores pelos quais se regem.<\/p>\n<p>&nbsp;<\/p>\n<h4><strong>3. Consist<\/strong><strong>\u00eancia<\/strong><\/h4>\n<p><strong>\u00a0\u00a0\u00a0\u00a0\u00a0\u00a0\u00a0\u00a0\u00a0\u00a0\u00a0 <\/strong>Vai ajud\u00e1-lo a criar conte\u00fados para alimentar as suas p\u00e1ginas de uma forma consistente, criativa e relevante para a sua comunidade.<\/p>\n<p>\u00c9 preciso definir os hor\u00e1rios de publica\u00e7\u00e3o de conte\u00fado tendo em conta os hor\u00e1rios do seu p\u00fablico e descobrir que tipos de m\u00e9dia, temas abordados e plataformas que obt\u00e9m melhor retorno, para poder ir adaptando a sua proposta de valor e melhor se conectar com os seus potenciais consumidores.<\/p>\n<p>&nbsp;<\/p>\n<h4><strong>4. Medi\u00e7\u00e3o<\/strong><\/h4>\n<p>A medi\u00e7\u00e3o de uma estrat\u00e9gia digital pode ser algo confuso para algu\u00e9m que n\u00e3o tem experi\u00eancia a trabalhar com redes sociais. A gest\u00e3o de redes sociais passa por trabalhar ferramentas como as m\u00e9tricas. Que s\u00e3o nada mais nada menos que estudar n\u00fameros, tais como o alcance, envolvimento, intera\u00e7\u00f5es ou reten\u00e7\u00e3o podem tornar confusa a medi\u00e7\u00e3o de. Um gestor de redes sociais \u00e9 algu\u00e9m que tem experi\u00eancia nas v\u00e1rias plataformas e tem conhecimentos e capacidades para poder medir e analisar os seus resultados de forma rigorosa, assim como potencializar os seus recursos para obter os melhores benef\u00edcios poss\u00edveis.<\/p>\n<p>&nbsp;<\/p>\n<p>Concluindo, um gestor de redes sociais \u00e9 uma ferramenta indispens\u00e1vel e um dos melhores investimentos que pode fazer para exponencializar o sucesso da sua marca. Damos-lhe a conhecer as solu\u00e7\u00f5es de que dispomos e que podem ser ben\u00e9ficas para\u00a0 o seu neg\u00f3cio. Se tiver alguma quest\u00e3o, n\u00e3o hesite em contactar-nos.<\/p>\n<p>&nbsp;<\/p>\n<p>&nbsp;<\/p>","protected":false},"excerpt":{"rendered":"<p>Sorry, this entry is only available in PT. For the sake of viewer convenience, the content is shown below in the alternative language. You may click the link to switch the active language. \u00a0\u00a0\u00a0\u00a0\u00a0\u00a0\u00a0\u00a0\u00a0\u00a0\u00a0Na primeira parte deste artigo fic\u00e1mos a conhecer porque \u00e9 que contratar um gestor de redes sociais pode ser ben\u00e9fico para a [&hellip;]<\/p>\n","protected":false},"author":10,"featured_media":19446,"comment_status":"open","ping_status":"open","sticky":false,"template":"","format":"standard","meta":{"_acf_changed":false,"footnotes":""},"categories":[203,156,2,209,45,9,68,171,176,47,174,210],"tags":[53,97,6,8,12,103,30,13,14,110],"acf":[],"yoast_head":"<!-- This site is optimized with the Yoast SEO plugin v22.5 - https:\/\/yoast.com\/wordpress\/plugins\/seo\/ -->\n<title>Gest\u00e3o de Redes Sociais (Parte 2\/2): Para qu\u00ea? Ag\u00eancia de Comunica\u00e7\u00e3o<\/title>\n<meta name=\"description\" content=\"Gest\u00e3o de redes sociais. Porque \u00e9 importante ter do seu lado um profissional das redes sociais e quais os pape\u00eds que desempenha.\" \/>\n<meta name=\"robots\" content=\"index, follow, max-snippet:-1, max-image-preview:large, max-video-preview:-1\" \/>\n<link rel=\"canonical\" href=\"https:\/\/messageinabottle.pt\/agencia-de-comunicacao\/gestao-de-redes-sociais-para-que\/\" \/>\n<meta property=\"og:locale\" content=\"en_US\" \/>\n<meta property=\"og:type\" content=\"article\" \/>\n<meta property=\"og:title\" content=\"Gest\u00e3o de Redes Sociais (Parte 2\/2): Para qu\u00ea? Ag\u00eancia de Comunica\u00e7\u00e3o\" \/>\n<meta property=\"og:description\" content=\"Gest\u00e3o de redes sociais. Porque \u00e9 importante ter do seu lado um profissional das redes sociais e quais os pape\u00eds que desempenha.\" \/>\n<meta property=\"og:url\" content=\"https:\/\/messageinabottle.pt\/agencia-de-comunicacao\/gestao-de-redes-sociais-para-que\/\" \/>\n<meta property=\"og:site_name\" content=\"Message In a Bottle\" \/>\n<meta property=\"article:publisher\" content=\"https:\/\/www.facebook.com\/messageinbottle\" \/>\n<meta property=\"article:published_time\" content=\"2019-12-02T11:13:41+00:00\" \/>\n<meta property=\"article:modified_time\" content=\"2020-11-09T14:39:22+00:00\" \/>\n<meta property=\"og:image\" content=\"https:\/\/messageinabottle.pt\/wp-content\/uploads\/2019\/11\/nordwood-themes-cNXqmO0Z24U-unsplash.jpg\" \/>\n\t<meta property=\"og:image:width\" content=\"1920\" \/>\n\t<meta property=\"og:image:height\" content=\"1280\" \/>\n\t<meta property=\"og:image:type\" content=\"image\/jpeg\" \/>\n<meta name=\"author\" content=\"MIB\" \/>\n<meta name=\"twitter:card\" content=\"summary_large_image\" \/>\n<meta name=\"twitter:creator\" content=\"@MibLx\" \/>\n<meta name=\"twitter:site\" content=\"@MibLx\" \/>\n<meta name=\"twitter:label1\" content=\"Written by\" \/>\n\t<meta name=\"twitter:data1\" content=\"MIB\" \/>\n\t<meta name=\"twitter:label2\" content=\"Est. reading time\" \/>\n\t<meta name=\"twitter:data2\" content=\"3 minutes\" \/>\n<script type=\"application\/ld+json\" class=\"yoast-schema-graph\">{\"@context\":\"https:\/\/schema.org\",\"@graph\":[{\"@type\":\"Article\",\"@id\":\"https:\/\/messageinabottle.pt\/agencia-de-comunicacao\/gestao-de-redes-sociais-para-que\/#article\",\"isPartOf\":{\"@id\":\"https:\/\/messageinabottle.pt\/agencia-de-comunicacao\/gestao-de-redes-sociais-para-que\/\"},\"author\":{\"name\":\"MIB\",\"@id\":\"https:\/\/messageinabottle.pt\/#\/schema\/person\/fcc9c49ae8588ac0e400d132a5191cde\"},\"headline\":\"Gest\u00e3o de Redes Sociais (Parte 2\/2): Para qu\u00ea?\",\"datePublished\":\"2019-12-02T11:13:41+00:00\",\"dateModified\":\"2020-11-09T14:39:22+00:00\",\"mainEntityOfPage\":{\"@id\":\"https:\/\/messageinabottle.pt\/agencia-de-comunicacao\/gestao-de-redes-sociais-para-que\/\"},\"wordCount\":554,\"commentCount\":0,\"publisher\":{\"@id\":\"https:\/\/messageinabottle.pt\/#organization\"},\"image\":{\"@id\":\"https:\/\/messageinabottle.pt\/agencia-de-comunicacao\/gestao-de-redes-sociais-para-que\/#primaryimage\"},\"thumbnailUrl\":\"https:\/\/messageinabottle.pt\/wp-content\/uploads\/2019\/11\/nordwood-themes-cNXqmO0Z24U-unsplash.jpg\",\"keywords\":[\"ag\u00eancia de comunica\u00e7\u00e3o\",\"digital\",\"Facebook\",\"instagram\",\"LinkedIn\",\"Marketing Managers\",\"message in a bottle\",\"redes sociais\",\"social media\",\"Social Media Managers\"],\"articleSection\":[\"Ag\u00eancia de Comunica\u00e7\u00e3o\",\"Blog\",\"Blog\",\"Conte\u00fados\",\"Facebook\",\"Instagram\",\"LinkedIn\",\"Marketing\",\"Reddit\",\"Redes Sociais\",\"Twitter\",\"website\"],\"inLanguage\":\"en-US\",\"potentialAction\":[{\"@type\":\"CommentAction\",\"name\":\"Comment\",\"target\":[\"https:\/\/messageinabottle.pt\/agencia-de-comunicacao\/gestao-de-redes-sociais-para-que\/#respond\"]}]},{\"@type\":\"WebPage\",\"@id\":\"https:\/\/messageinabottle.pt\/agencia-de-comunicacao\/gestao-de-redes-sociais-para-que\/\",\"url\":\"https:\/\/messageinabottle.pt\/agencia-de-comunicacao\/gestao-de-redes-sociais-para-que\/\",\"name\":\"Gest\u00e3o de Redes Sociais (Parte 2\/2): Para qu\u00ea? Ag\u00eancia de Comunica\u00e7\u00e3o\",\"isPartOf\":{\"@id\":\"https:\/\/messageinabottle.pt\/#website\"},\"primaryImageOfPage\":{\"@id\":\"https:\/\/messageinabottle.pt\/agencia-de-comunicacao\/gestao-de-redes-sociais-para-que\/#primaryimage\"},\"image\":{\"@id\":\"https:\/\/messageinabottle.pt\/agencia-de-comunicacao\/gestao-de-redes-sociais-para-que\/#primaryimage\"},\"thumbnailUrl\":\"https:\/\/messageinabottle.pt\/wp-content\/uploads\/2019\/11\/nordwood-themes-cNXqmO0Z24U-unsplash.jpg\",\"datePublished\":\"2019-12-02T11:13:41+00:00\",\"dateModified\":\"2020-11-09T14:39:22+00:00\",\"description\":\"Gest\u00e3o de redes sociais. Porque \u00e9 importante ter do seu lado um profissional das redes sociais e quais os pape\u00eds que desempenha.\",\"breadcrumb\":{\"@id\":\"https:\/\/messageinabottle.pt\/agencia-de-comunicacao\/gestao-de-redes-sociais-para-que\/#breadcrumb\"},\"inLanguage\":\"en-US\",\"potentialAction\":[{\"@type\":\"ReadAction\",\"target\":[\"https:\/\/messageinabottle.pt\/agencia-de-comunicacao\/gestao-de-redes-sociais-para-que\/\"]}]},{\"@type\":\"ImageObject\",\"inLanguage\":\"en-US\",\"@id\":\"https:\/\/messageinabottle.pt\/agencia-de-comunicacao\/gestao-de-redes-sociais-para-que\/#primaryimage\",\"url\":\"https:\/\/messageinabottle.pt\/wp-content\/uploads\/2019\/11\/nordwood-themes-cNXqmO0Z24U-unsplash.jpg\",\"contentUrl\":\"https:\/\/messageinabottle.pt\/wp-content\/uploads\/2019\/11\/nordwood-themes-cNXqmO0Z24U-unsplash.jpg\",\"width\":1920,\"height\":1280,\"caption\":\"ecr\u00e3 com logotipos de redes sociais\"},{\"@type\":\"BreadcrumbList\",\"@id\":\"https:\/\/messageinabottle.pt\/agencia-de-comunicacao\/gestao-de-redes-sociais-para-que\/#breadcrumb\",\"itemListElement\":[{\"@type\":\"ListItem\",\"position\":1,\"name\":\"Home\",\"item\":\"https:\/\/messageinabottle.pt\/\"},{\"@type\":\"ListItem\",\"position\":2,\"name\":\"Gest\u00e3o de Redes Sociais (Parte 2\/2): Para qu\u00ea?\"}]},{\"@type\":\"WebSite\",\"@id\":\"https:\/\/messageinabottle.pt\/#website\",\"url\":\"https:\/\/messageinabottle.pt\/\",\"name\":\"Message In a Bottle\",\"description\":\"Ag\u00eancia de Comunica\u00e7\u00e3o e Marketing\",\"publisher\":{\"@id\":\"https:\/\/messageinabottle.pt\/#organization\"},\"potentialAction\":[{\"@type\":\"SearchAction\",\"target\":{\"@type\":\"EntryPoint\",\"urlTemplate\":\"https:\/\/messageinabottle.pt\/?s={search_term_string}\"},\"query-input\":\"required name=search_term_string\"}],\"inLanguage\":\"en-US\"},{\"@type\":\"Organization\",\"@id\":\"https:\/\/messageinabottle.pt\/#organization\",\"name\":\"Message in a Bottle | Ag\u00eancia de Comunica\u00e7\u00e3o e Marketing\",\"url\":\"https:\/\/messageinabottle.pt\/\",\"logo\":{\"@type\":\"ImageObject\",\"inLanguage\":\"en-US\",\"@id\":\"https:\/\/messageinabottle.pt\/#\/schema\/logo\/image\/\",\"url\":\"https:\/\/messageinabottle.pt\/wp-content\/uploads\/2019\/06\/mib-logo.png\",\"contentUrl\":\"https:\/\/messageinabottle.pt\/wp-content\/uploads\/2019\/06\/mib-logo.png\",\"width\":1721,\"height\":676,\"caption\":\"Message in a Bottle | Ag\u00eancia de Comunica\u00e7\u00e3o e Marketing\"},\"image\":{\"@id\":\"https:\/\/messageinabottle.pt\/#\/schema\/logo\/image\/\"},\"sameAs\":[\"https:\/\/www.facebook.com\/messageinbottle\",\"https:\/\/x.com\/MibLx\",\"https:\/\/www.instagram.com\/messageinabottle_agency\/\",\"https:\/\/www.linkedin.com\/company\/miab---message-in-a-bottle\",\"https:\/\/www.pinterest.pt\/mibconsulting\/\"]},{\"@type\":\"Person\",\"@id\":\"https:\/\/messageinabottle.pt\/#\/schema\/person\/fcc9c49ae8588ac0e400d132a5191cde\",\"name\":\"MIB\"}]}<\/script>\n<!-- \/ Yoast SEO plugin. -->","yoast_head_json":{"title":"Gest\u00e3o de Redes Sociais (Parte 2\/2): Para qu\u00ea? Ag\u00eancia de Comunica\u00e7\u00e3o","description":"Gest\u00e3o de redes sociais. Porque \u00e9 importante ter do seu lado um profissional das redes sociais e quais os pape\u00eds que desempenha.","robots":{"index":"index","follow":"follow","max-snippet":"max-snippet:-1","max-image-preview":"max-image-preview:large","max-video-preview":"max-video-preview:-1"},"canonical":"https:\/\/messageinabottle.pt\/agencia-de-comunicacao\/gestao-de-redes-sociais-para-que\/","og_locale":"en_US","og_type":"article","og_title":"Gest\u00e3o de Redes Sociais (Parte 2\/2): Para qu\u00ea? Ag\u00eancia de Comunica\u00e7\u00e3o","og_description":"Gest\u00e3o de redes sociais. Porque \u00e9 importante ter do seu lado um profissional das redes sociais e quais os pape\u00eds que desempenha.","og_url":"https:\/\/messageinabottle.pt\/agencia-de-comunicacao\/gestao-de-redes-sociais-para-que\/","og_site_name":"Message In a Bottle","article_publisher":"https:\/\/www.facebook.com\/messageinbottle","article_published_time":"2019-12-02T11:13:41+00:00","article_modified_time":"2020-11-09T14:39:22+00:00","og_image":[{"width":1920,"height":1280,"url":"https:\/\/messageinabottle.pt\/wp-content\/uploads\/2019\/11\/nordwood-themes-cNXqmO0Z24U-unsplash.jpg","type":"image\/jpeg"}],"author":"MIB","twitter_card":"summary_large_image","twitter_creator":"@MibLx","twitter_site":"@MibLx","twitter_misc":{"Written by":"MIB","Est. reading time":"3 minutes"},"schema":{"@context":"https:\/\/schema.org","@graph":[{"@type":"Article","@id":"https:\/\/messageinabottle.pt\/agencia-de-comunicacao\/gestao-de-redes-sociais-para-que\/#article","isPartOf":{"@id":"https:\/\/messageinabottle.pt\/agencia-de-comunicacao\/gestao-de-redes-sociais-para-que\/"},"author":{"name":"MIB","@id":"https:\/\/messageinabottle.pt\/#\/schema\/person\/fcc9c49ae8588ac0e400d132a5191cde"},"headline":"Gest\u00e3o de Redes Sociais (Parte 2\/2): Para qu\u00ea?","datePublished":"2019-12-02T11:13:41+00:00","dateModified":"2020-11-09T14:39:22+00:00","mainEntityOfPage":{"@id":"https:\/\/messageinabottle.pt\/agencia-de-comunicacao\/gestao-de-redes-sociais-para-que\/"},"wordCount":554,"commentCount":0,"publisher":{"@id":"https:\/\/messageinabottle.pt\/#organization"},"image":{"@id":"https:\/\/messageinabottle.pt\/agencia-de-comunicacao\/gestao-de-redes-sociais-para-que\/#primaryimage"},"thumbnailUrl":"https:\/\/messageinabottle.pt\/wp-content\/uploads\/2019\/11\/nordwood-themes-cNXqmO0Z24U-unsplash.jpg","keywords":["ag\u00eancia de comunica\u00e7\u00e3o","digital","Facebook","instagram","LinkedIn","Marketing Managers","message in a bottle","redes sociais","social media","Social Media Managers"],"articleSection":["Ag\u00eancia de Comunica\u00e7\u00e3o","Blog","Blog","Conte\u00fados","Facebook","Instagram","LinkedIn","Marketing","Reddit","Redes Sociais","Twitter","website"],"inLanguage":"en-US","potentialAction":[{"@type":"CommentAction","name":"Comment","target":["https:\/\/messageinabottle.pt\/agencia-de-comunicacao\/gestao-de-redes-sociais-para-que\/#respond"]}]},{"@type":"WebPage","@id":"https:\/\/messageinabottle.pt\/agencia-de-comunicacao\/gestao-de-redes-sociais-para-que\/","url":"https:\/\/messageinabottle.pt\/agencia-de-comunicacao\/gestao-de-redes-sociais-para-que\/","name":"Gest\u00e3o de Redes Sociais (Parte 2\/2): Para qu\u00ea? Ag\u00eancia de Comunica\u00e7\u00e3o","isPartOf":{"@id":"https:\/\/messageinabottle.pt\/#website"},"primaryImageOfPage":{"@id":"https:\/\/messageinabottle.pt\/agencia-de-comunicacao\/gestao-de-redes-sociais-para-que\/#primaryimage"},"image":{"@id":"https:\/\/messageinabottle.pt\/agencia-de-comunicacao\/gestao-de-redes-sociais-para-que\/#primaryimage"},"thumbnailUrl":"https:\/\/messageinabottle.pt\/wp-content\/uploads\/2019\/11\/nordwood-themes-cNXqmO0Z24U-unsplash.jpg","datePublished":"2019-12-02T11:13:41+00:00","dateModified":"2020-11-09T14:39:22+00:00","description":"Gest\u00e3o de redes sociais. Porque \u00e9 importante ter do seu lado um profissional das redes sociais e quais os pape\u00eds que desempenha.","breadcrumb":{"@id":"https:\/\/messageinabottle.pt\/agencia-de-comunicacao\/gestao-de-redes-sociais-para-que\/#breadcrumb"},"inLanguage":"en-US","potentialAction":[{"@type":"ReadAction","target":["https:\/\/messageinabottle.pt\/agencia-de-comunicacao\/gestao-de-redes-sociais-para-que\/"]}]},{"@type":"ImageObject","inLanguage":"en-US","@id":"https:\/\/messageinabottle.pt\/agencia-de-comunicacao\/gestao-de-redes-sociais-para-que\/#primaryimage","url":"https:\/\/messageinabottle.pt\/wp-content\/uploads\/2019\/11\/nordwood-themes-cNXqmO0Z24U-unsplash.jpg","contentUrl":"https:\/\/messageinabottle.pt\/wp-content\/uploads\/2019\/11\/nordwood-themes-cNXqmO0Z24U-unsplash.jpg","width":1920,"height":1280,"caption":"ecr\u00e3 com logotipos de redes sociais"},{"@type":"BreadcrumbList","@id":"https:\/\/messageinabottle.pt\/agencia-de-comunicacao\/gestao-de-redes-sociais-para-que\/#breadcrumb","itemListElement":[{"@type":"ListItem","position":1,"name":"Home","item":"https:\/\/messageinabottle.pt\/"},{"@type":"ListItem","position":2,"name":"Gest\u00e3o de Redes Sociais (Parte 2\/2): Para qu\u00ea?"}]},{"@type":"WebSite","@id":"https:\/\/messageinabottle.pt\/#website","url":"https:\/\/messageinabottle.pt\/","name":"Message In a Bottle","description":"Ag\u00eancia de Comunica\u00e7\u00e3o e Marketing","publisher":{"@id":"https:\/\/messageinabottle.pt\/#organization"},"potentialAction":[{"@type":"SearchAction","target":{"@type":"EntryPoint","urlTemplate":"https:\/\/messageinabottle.pt\/?s={search_term_string}"},"query-input":"required name=search_term_string"}],"inLanguage":"en-US"},{"@type":"Organization","@id":"https:\/\/messageinabottle.pt\/#organization","name":"Message in a Bottle | Ag\u00eancia de Comunica\u00e7\u00e3o e Marketing","url":"https:\/\/messageinabottle.pt\/","logo":{"@type":"ImageObject","inLanguage":"en-US","@id":"https:\/\/messageinabottle.pt\/#\/schema\/logo\/image\/","url":"https:\/\/messageinabottle.pt\/wp-content\/uploads\/2019\/06\/mib-logo.png","contentUrl":"https:\/\/messageinabottle.pt\/wp-content\/uploads\/2019\/06\/mib-logo.png","width":1721,"height":676,"caption":"Message in a Bottle | Ag\u00eancia de Comunica\u00e7\u00e3o e Marketing"},"image":{"@id":"https:\/\/messageinabottle.pt\/#\/schema\/logo\/image\/"},"sameAs":["https:\/\/www.facebook.com\/messageinbottle","https:\/\/x.com\/MibLx","https:\/\/www.instagram.com\/messageinabottle_agency\/","https:\/\/www.linkedin.com\/company\/miab---message-in-a-bottle","https:\/\/www.pinterest.pt\/mibconsulting\/"]},{"@type":"Person","@id":"https:\/\/messageinabottle.pt\/#\/schema\/person\/fcc9c49ae8588ac0e400d132a5191cde","name":"MIB"}]}},"_links":{"self":[{"href":"https:\/\/messageinabottle.pt\/en\/wp-json\/wp\/v2\/posts\/19445"}],"collection":[{"href":"https:\/\/messageinabottle.pt\/en\/wp-json\/wp\/v2\/posts"}],"about":[{"href":"https:\/\/messageinabottle.pt\/en\/wp-json\/wp\/v2\/types\/post"}],"author":[{"embeddable":true,"href":"https:\/\/messageinabottle.pt\/en\/wp-json\/wp\/v2\/users\/10"}],"replies":[{"embeddable":true,"href":"https:\/\/messageinabottle.pt\/en\/wp-json\/wp\/v2\/comments?post=19445"}],"version-history":[{"count":4,"href":"https:\/\/messageinabottle.pt\/en\/wp-json\/wp\/v2\/posts\/19445\/revisions"}],"predecessor-version":[{"id":19718,"href":"https:\/\/messageinabottle.pt\/en\/wp-json\/wp\/v2\/posts\/19445\/revisions\/19718"}],"wp:featuredmedia":[{"embeddable":true,"href":"https:\/\/messageinabottle.pt\/en\/wp-json\/wp\/v2\/media\/19446"}],"wp:attachment":[{"href":"https:\/\/messageinabottle.pt\/en\/wp-json\/wp\/v2\/media?parent=19445"}],"wp:term":[{"taxonomy":"category","embeddable":true,"href":"https:\/\/messageinabottle.pt\/en\/wp-json\/wp\/v2\/categories?post=19445"},{"taxonomy":"post_tag","embeddable":true,"href":"https:\/\/messageinabottle.pt\/en\/wp-json\/wp\/v2\/tags?post=19445"}],"curies":[{"name":"wp","href":"https:\/\/api.w.org\/{rel}","templated":true}]}}