{"id":19655,"date":"2020-08-19T10:01:56","date_gmt":"2020-08-19T09:01:56","guid":{"rendered":"https:\/\/messageinabottle.pt\/?p=19655"},"modified":"2020-08-19T10:01:56","modified_gmt":"2020-08-19T09:01:56","slug":"a-fotografia-na-comunicacao-das-marcas-nas-redes-sociais","status":"publish","type":"post","link":"https:\/\/messageinabottle.pt\/en\/blog\/a-fotografia-na-comunicacao-das-marcas-nas-redes-sociais\/","title":{"rendered":"A fotografia na comunica\u00e7\u00e3o das marcas nas redes sociais"},"content":{"rendered":"<p class=\"qtranxs-available-languages-message qtranxs-available-languages-message-en\">Sorry, this entry is only available in <a href=\"https:\/\/messageinabottle.pt\/pt\/wp-json\/wp\/v2\/posts\/19655\" class=\"qtranxs-available-language-link qtranxs-available-language-link-pt\" title=\"PT\">PT<\/a>. For the sake of viewer convenience, the content is shown below in the alternative language. You may click the link to switch the active language.<\/p><p>Hoje celebra-se o Dia Mundial da Fotografia e a verdade \u00e9 que investir na imagem nunca fez tanto sentido!<\/p>\n<p>\u00c9 importante que as marcas percebam que \u00e9 atrav\u00e9s da fotografia profissional que o servi\u00e7o ou produto que estas oferecem ganha credibilidade aos olhos dos seus parceiros e clientes.<\/p>\n<p>Os consumidores, hoje, est\u00e3o mais atentos e rigorosos. Fotografias de m\u00e1 qualidade ou sem qualquer mensagem relevante s\u00e3o automaticamente exclu\u00eddas pelos leitores.<\/p>\n<p>Para que a comunica\u00e7\u00e3o das marcas seja eficiente nas redes sociais \u00e9 essencial que as mesmas sigam alguns princ\u00edpios.<\/p>\n<ul>\n<li><u>Aposte em bons fot\u00f3grafos<\/u><\/li>\n<\/ul>\n<p>Fotografias bem enquadradas e com a ilumina\u00e7\u00e3o adequada podem fazer toda a diferen\u00e7a na hora do cliente efetuar a compra, tanto pela facilidade em avaliar o produto, quanto pelo interesse que causa.<\/p>\n<ul>\n<li><u>A cria\u00e7\u00e3o da identidade fotogr\u00e1fica <\/u><\/li>\n<\/ul>\n<p>\u00c9 crucial que fot\u00f3grafos contratados compreendam a 100% o conceito da marca ou produto. De modo a que o desenvolvimento da identidade fotogr\u00e1fica v\u00e1 de encontro ao posicionamento da sua marca.<\/p>\n<ul>\n<li><u>Planeamento de posts <\/u><\/li>\n<\/ul>\n<p>Para cativar o seu p\u00fablico, opte por planear o visual que pretende dar \u00e0s suas redes sociais. O planeamento dos posts ir\u00e1 ajud\u00e1-lo a criar uma comunica\u00e7\u00e3o concisa e objetiva. Alinhe sempre a imagem com o copy! Para a comunica\u00e7\u00e3o ser eficaz deve existir harmonia entre as palavras e a imagem.<\/p>\n<ul>\n<li><u>Conte uma hist\u00f3ria<\/u><\/li>\n<\/ul>\n<p>O storytelling \u00e9 uma das ferramentas mais poderosas no \u00e2mbito digital, que todas as marcas deviam tirar partido. Ao criar uma narrativa nas redes sociais est\u00e1 a humanizar a sua marca, explorando as emo\u00e7\u00f5es, al\u00e9m de acrescentar valor \u00e0 mesma.<\/p>\n<p>D\u00ea a identidade visual certa \u00e0 sua marca! N\u00e3o subestime a import\u00e2ncia de uma boa fotografia na promo\u00e7\u00e3o e divulga\u00e7\u00e3o da sua marca. Inclua um bom\u00a0fot\u00f3grafo na sua estrat\u00e9gia de neg\u00f3cios\u00a0e crie uma experi\u00eancia melhor aos seus clientes.<\/p>\n<p>Se precisar de ajuda na <a href=\"https:\/\/messageinabottle.pt\/services\/content-creation\/\">cria\u00e7\u00e3o de conte\u00fados<\/a> da sua marca, seja a n\u00edvel fotogr\u00e1fico ou de texto, veja os servi\u00e7os que lhe temos a oferecer e n\u00e3o hesite em contactar-nos.<\/p>\n<p>&nbsp;<\/p>","protected":false},"excerpt":{"rendered":"<p>Sorry, this entry is only available in PT. For the sake of viewer convenience, the content is shown below in the alternative language. You may click the link to switch the active language.Hoje celebra-se o Dia Mundial da Fotografia e a verdade \u00e9 que investir na imagem nunca fez tanto sentido! \u00c9 importante que as [&hellip;]<\/p>\n","protected":false},"author":10,"featured_media":19656,"comment_status":"open","ping_status":"open","sticky":false,"template":"","format":"standard","meta":{"_acf_changed":false,"footnotes":""},"categories":[2,156],"tags":[86,272,271,273,215,274,13,49],"acf":[],"yoast_head":"<!-- This site is optimized with the Yoast SEO plugin v22.5 - https:\/\/yoast.com\/wordpress\/plugins\/seo\/ -->\n<title>A fotografia na comunica\u00e7\u00e3o das marcas nas redes sociais - Message In a Bottle<\/title>\n<meta name=\"robots\" content=\"index, follow, max-snippet:-1, max-image-preview:large, max-video-preview:-1\" \/>\n<link rel=\"canonical\" href=\"https:\/\/messageinabottle.pt\/blog\/a-fotografia-na-comunicacao-das-marcas-nas-redes-sociais\/\" \/>\n<meta property=\"og:locale\" content=\"en_US\" \/>\n<meta property=\"og:type\" content=\"article\" \/>\n<meta property=\"og:title\" content=\"A fotografia na comunica\u00e7\u00e3o das marcas nas redes sociais - Message In a Bottle\" \/>\n<meta property=\"og:description\" content=\"Sorry, this entry is only available in PT. For the sake of viewer convenience, the content is shown below in the alternative language. You may click the link to switch the active language.Hoje celebra-se o Dia Mundial da Fotografia e a verdade \u00e9 que investir na imagem nunca fez tanto sentido! \u00c9 importante que as [&hellip;]\" \/>\n<meta property=\"og:url\" content=\"https:\/\/messageinabottle.pt\/blog\/a-fotografia-na-comunicacao-das-marcas-nas-redes-sociais\/\" \/>\n<meta property=\"og:site_name\" content=\"Message In a Bottle\" \/>\n<meta property=\"article:publisher\" content=\"https:\/\/www.facebook.com\/messageinbottle\" \/>\n<meta property=\"article:published_time\" content=\"2020-08-19T09:01:56+00:00\" \/>\n<meta property=\"og:image\" content=\"https:\/\/messageinabottle.pt\/wp-content\/uploads\/2020\/08\/imagem-de-capa-para-artigo.jpg\" \/>\n\t<meta property=\"og:image:width\" content=\"1920\" \/>\n\t<meta property=\"og:image:height\" content=\"1280\" \/>\n\t<meta property=\"og:image:type\" content=\"image\/jpeg\" \/>\n<meta name=\"author\" content=\"MIB\" \/>\n<meta name=\"twitter:card\" content=\"summary_large_image\" \/>\n<meta name=\"twitter:creator\" content=\"@MibLx\" \/>\n<meta name=\"twitter:site\" content=\"@MibLx\" \/>\n<meta name=\"twitter:label1\" content=\"Written by\" \/>\n\t<meta name=\"twitter:data1\" content=\"MIB\" \/>\n\t<meta name=\"twitter:label2\" content=\"Est. reading time\" \/>\n\t<meta name=\"twitter:data2\" content=\"2 minutes\" \/>\n<script type=\"application\/ld+json\" class=\"yoast-schema-graph\">{\"@context\":\"https:\/\/schema.org\",\"@graph\":[{\"@type\":\"Article\",\"@id\":\"https:\/\/messageinabottle.pt\/blog\/a-fotografia-na-comunicacao-das-marcas-nas-redes-sociais\/#article\",\"isPartOf\":{\"@id\":\"https:\/\/messageinabottle.pt\/blog\/a-fotografia-na-comunicacao-das-marcas-nas-redes-sociais\/\"},\"author\":{\"name\":\"MIB\",\"@id\":\"https:\/\/messageinabottle.pt\/#\/schema\/person\/fcc9c49ae8588ac0e400d132a5191cde\"},\"headline\":\"A fotografia na comunica\u00e7\u00e3o das marcas nas redes sociais\",\"datePublished\":\"2020-08-19T09:01:56+00:00\",\"dateModified\":\"2020-08-19T09:01:56+00:00\",\"mainEntityOfPage\":{\"@id\":\"https:\/\/messageinabottle.pt\/blog\/a-fotografia-na-comunicacao-das-marcas-nas-redes-sociais\/\"},\"wordCount\":368,\"commentCount\":0,\"publisher\":{\"@id\":\"https:\/\/messageinabottle.pt\/#organization\"},\"image\":{\"@id\":\"https:\/\/messageinabottle.pt\/blog\/a-fotografia-na-comunicacao-das-marcas-nas-redes-sociais\/#primaryimage\"},\"thumbnailUrl\":\"https:\/\/messageinabottle.pt\/wp-content\/uploads\/2020\/08\/imagem-de-capa-para-artigo.jpg\",\"keywords\":[\"content marketing\",\"cria\u00e7\u00e3o de conte\u00fados\",\"fotografia\",\"identidade visual\",\"marketing digital\",\"posts\",\"redes sociais\",\"storytelling\"],\"articleSection\":[\"Blog\",\"Blog\"],\"inLanguage\":\"en-US\",\"potentialAction\":[{\"@type\":\"CommentAction\",\"name\":\"Comment\",\"target\":[\"https:\/\/messageinabottle.pt\/blog\/a-fotografia-na-comunicacao-das-marcas-nas-redes-sociais\/#respond\"]}]},{\"@type\":\"WebPage\",\"@id\":\"https:\/\/messageinabottle.pt\/blog\/a-fotografia-na-comunicacao-das-marcas-nas-redes-sociais\/\",\"url\":\"https:\/\/messageinabottle.pt\/blog\/a-fotografia-na-comunicacao-das-marcas-nas-redes-sociais\/\",\"name\":\"A fotografia na comunica\u00e7\u00e3o das marcas nas redes sociais - Message In a Bottle\",\"isPartOf\":{\"@id\":\"https:\/\/messageinabottle.pt\/#website\"},\"primaryImageOfPage\":{\"@id\":\"https:\/\/messageinabottle.pt\/blog\/a-fotografia-na-comunicacao-das-marcas-nas-redes-sociais\/#primaryimage\"},\"image\":{\"@id\":\"https:\/\/messageinabottle.pt\/blog\/a-fotografia-na-comunicacao-das-marcas-nas-redes-sociais\/#primaryimage\"},\"thumbnailUrl\":\"https:\/\/messageinabottle.pt\/wp-content\/uploads\/2020\/08\/imagem-de-capa-para-artigo.jpg\",\"datePublished\":\"2020-08-19T09:01:56+00:00\",\"dateModified\":\"2020-08-19T09:01:56+00:00\",\"breadcrumb\":{\"@id\":\"https:\/\/messageinabottle.pt\/blog\/a-fotografia-na-comunicacao-das-marcas-nas-redes-sociais\/#breadcrumb\"},\"inLanguage\":\"en-US\",\"potentialAction\":[{\"@type\":\"ReadAction\",\"target\":[\"https:\/\/messageinabottle.pt\/blog\/a-fotografia-na-comunicacao-das-marcas-nas-redes-sociais\/\"]}]},{\"@type\":\"ImageObject\",\"inLanguage\":\"en-US\",\"@id\":\"https:\/\/messageinabottle.pt\/blog\/a-fotografia-na-comunicacao-das-marcas-nas-redes-sociais\/#primaryimage\",\"url\":\"https:\/\/messageinabottle.pt\/wp-content\/uploads\/2020\/08\/imagem-de-capa-para-artigo.jpg\",\"contentUrl\":\"https:\/\/messageinabottle.pt\/wp-content\/uploads\/2020\/08\/imagem-de-capa-para-artigo.jpg\",\"width\":1920,\"height\":1280},{\"@type\":\"BreadcrumbList\",\"@id\":\"https:\/\/messageinabottle.pt\/blog\/a-fotografia-na-comunicacao-das-marcas-nas-redes-sociais\/#breadcrumb\",\"itemListElement\":[{\"@type\":\"ListItem\",\"position\":1,\"name\":\"Home\",\"item\":\"https:\/\/messageinabottle.pt\/\"},{\"@type\":\"ListItem\",\"position\":2,\"name\":\"A fotografia na comunica\u00e7\u00e3o das marcas nas redes sociais\"}]},{\"@type\":\"WebSite\",\"@id\":\"https:\/\/messageinabottle.pt\/#website\",\"url\":\"https:\/\/messageinabottle.pt\/\",\"name\":\"Message In a Bottle\",\"description\":\"Ag\u00eancia de Comunica\u00e7\u00e3o e Marketing\",\"publisher\":{\"@id\":\"https:\/\/messageinabottle.pt\/#organization\"},\"potentialAction\":[{\"@type\":\"SearchAction\",\"target\":{\"@type\":\"EntryPoint\",\"urlTemplate\":\"https:\/\/messageinabottle.pt\/?s={search_term_string}\"},\"query-input\":\"required name=search_term_string\"}],\"inLanguage\":\"en-US\"},{\"@type\":\"Organization\",\"@id\":\"https:\/\/messageinabottle.pt\/#organization\",\"name\":\"Message in a Bottle | Ag\u00eancia de Comunica\u00e7\u00e3o e Marketing\",\"url\":\"https:\/\/messageinabottle.pt\/\",\"logo\":{\"@type\":\"ImageObject\",\"inLanguage\":\"en-US\",\"@id\":\"https:\/\/messageinabottle.pt\/#\/schema\/logo\/image\/\",\"url\":\"https:\/\/messageinabottle.pt\/wp-content\/uploads\/2019\/06\/mib-logo.png\",\"contentUrl\":\"https:\/\/messageinabottle.pt\/wp-content\/uploads\/2019\/06\/mib-logo.png\",\"width\":1721,\"height\":676,\"caption\":\"Message in a Bottle | Ag\u00eancia de Comunica\u00e7\u00e3o e Marketing\"},\"image\":{\"@id\":\"https:\/\/messageinabottle.pt\/#\/schema\/logo\/image\/\"},\"sameAs\":[\"https:\/\/www.facebook.com\/messageinbottle\",\"https:\/\/x.com\/MibLx\",\"https:\/\/www.instagram.com\/messageinabottle_agency\/\",\"https:\/\/www.linkedin.com\/company\/miab---message-in-a-bottle\",\"https:\/\/www.pinterest.pt\/mibconsulting\/\"]},{\"@type\":\"Person\",\"@id\":\"https:\/\/messageinabottle.pt\/#\/schema\/person\/fcc9c49ae8588ac0e400d132a5191cde\",\"name\":\"MIB\"}]}<\/script>\n<!-- \/ Yoast SEO plugin. -->","yoast_head_json":{"title":"A fotografia na comunica\u00e7\u00e3o das marcas nas redes sociais - Message In a Bottle","robots":{"index":"index","follow":"follow","max-snippet":"max-snippet:-1","max-image-preview":"max-image-preview:large","max-video-preview":"max-video-preview:-1"},"canonical":"https:\/\/messageinabottle.pt\/blog\/a-fotografia-na-comunicacao-das-marcas-nas-redes-sociais\/","og_locale":"en_US","og_type":"article","og_title":"A fotografia na comunica\u00e7\u00e3o das marcas nas redes sociais - Message In a Bottle","og_description":"Sorry, this entry is only available in PT. For the sake of viewer convenience, the content is shown below in the alternative language. You may click the link to switch the active language.Hoje celebra-se o Dia Mundial da Fotografia e a verdade \u00e9 que investir na imagem nunca fez tanto sentido! \u00c9 importante que as [&hellip;]","og_url":"https:\/\/messageinabottle.pt\/blog\/a-fotografia-na-comunicacao-das-marcas-nas-redes-sociais\/","og_site_name":"Message In a Bottle","article_publisher":"https:\/\/www.facebook.com\/messageinbottle","article_published_time":"2020-08-19T09:01:56+00:00","og_image":[{"width":1920,"height":1280,"url":"https:\/\/messageinabottle.pt\/wp-content\/uploads\/2020\/08\/imagem-de-capa-para-artigo.jpg","type":"image\/jpeg"}],"author":"MIB","twitter_card":"summary_large_image","twitter_creator":"@MibLx","twitter_site":"@MibLx","twitter_misc":{"Written by":"MIB","Est. reading time":"2 minutes"},"schema":{"@context":"https:\/\/schema.org","@graph":[{"@type":"Article","@id":"https:\/\/messageinabottle.pt\/blog\/a-fotografia-na-comunicacao-das-marcas-nas-redes-sociais\/#article","isPartOf":{"@id":"https:\/\/messageinabottle.pt\/blog\/a-fotografia-na-comunicacao-das-marcas-nas-redes-sociais\/"},"author":{"name":"MIB","@id":"https:\/\/messageinabottle.pt\/#\/schema\/person\/fcc9c49ae8588ac0e400d132a5191cde"},"headline":"A fotografia na comunica\u00e7\u00e3o das marcas nas redes sociais","datePublished":"2020-08-19T09:01:56+00:00","dateModified":"2020-08-19T09:01:56+00:00","mainEntityOfPage":{"@id":"https:\/\/messageinabottle.pt\/blog\/a-fotografia-na-comunicacao-das-marcas-nas-redes-sociais\/"},"wordCount":368,"commentCount":0,"publisher":{"@id":"https:\/\/messageinabottle.pt\/#organization"},"image":{"@id":"https:\/\/messageinabottle.pt\/blog\/a-fotografia-na-comunicacao-das-marcas-nas-redes-sociais\/#primaryimage"},"thumbnailUrl":"https:\/\/messageinabottle.pt\/wp-content\/uploads\/2020\/08\/imagem-de-capa-para-artigo.jpg","keywords":["content marketing","cria\u00e7\u00e3o de conte\u00fados","fotografia","identidade visual","marketing digital","posts","redes sociais","storytelling"],"articleSection":["Blog","Blog"],"inLanguage":"en-US","potentialAction":[{"@type":"CommentAction","name":"Comment","target":["https:\/\/messageinabottle.pt\/blog\/a-fotografia-na-comunicacao-das-marcas-nas-redes-sociais\/#respond"]}]},{"@type":"WebPage","@id":"https:\/\/messageinabottle.pt\/blog\/a-fotografia-na-comunicacao-das-marcas-nas-redes-sociais\/","url":"https:\/\/messageinabottle.pt\/blog\/a-fotografia-na-comunicacao-das-marcas-nas-redes-sociais\/","name":"A fotografia na comunica\u00e7\u00e3o das marcas nas redes sociais - Message In a Bottle","isPartOf":{"@id":"https:\/\/messageinabottle.pt\/#website"},"primaryImageOfPage":{"@id":"https:\/\/messageinabottle.pt\/blog\/a-fotografia-na-comunicacao-das-marcas-nas-redes-sociais\/#primaryimage"},"image":{"@id":"https:\/\/messageinabottle.pt\/blog\/a-fotografia-na-comunicacao-das-marcas-nas-redes-sociais\/#primaryimage"},"thumbnailUrl":"https:\/\/messageinabottle.pt\/wp-content\/uploads\/2020\/08\/imagem-de-capa-para-artigo.jpg","datePublished":"2020-08-19T09:01:56+00:00","dateModified":"2020-08-19T09:01:56+00:00","breadcrumb":{"@id":"https:\/\/messageinabottle.pt\/blog\/a-fotografia-na-comunicacao-das-marcas-nas-redes-sociais\/#breadcrumb"},"inLanguage":"en-US","potentialAction":[{"@type":"ReadAction","target":["https:\/\/messageinabottle.pt\/blog\/a-fotografia-na-comunicacao-das-marcas-nas-redes-sociais\/"]}]},{"@type":"ImageObject","inLanguage":"en-US","@id":"https:\/\/messageinabottle.pt\/blog\/a-fotografia-na-comunicacao-das-marcas-nas-redes-sociais\/#primaryimage","url":"https:\/\/messageinabottle.pt\/wp-content\/uploads\/2020\/08\/imagem-de-capa-para-artigo.jpg","contentUrl":"https:\/\/messageinabottle.pt\/wp-content\/uploads\/2020\/08\/imagem-de-capa-para-artigo.jpg","width":1920,"height":1280},{"@type":"BreadcrumbList","@id":"https:\/\/messageinabottle.pt\/blog\/a-fotografia-na-comunicacao-das-marcas-nas-redes-sociais\/#breadcrumb","itemListElement":[{"@type":"ListItem","position":1,"name":"Home","item":"https:\/\/messageinabottle.pt\/"},{"@type":"ListItem","position":2,"name":"A fotografia na comunica\u00e7\u00e3o das marcas nas redes sociais"}]},{"@type":"WebSite","@id":"https:\/\/messageinabottle.pt\/#website","url":"https:\/\/messageinabottle.pt\/","name":"Message In a Bottle","description":"Ag\u00eancia de Comunica\u00e7\u00e3o e Marketing","publisher":{"@id":"https:\/\/messageinabottle.pt\/#organization"},"potentialAction":[{"@type":"SearchAction","target":{"@type":"EntryPoint","urlTemplate":"https:\/\/messageinabottle.pt\/?s={search_term_string}"},"query-input":"required name=search_term_string"}],"inLanguage":"en-US"},{"@type":"Organization","@id":"https:\/\/messageinabottle.pt\/#organization","name":"Message in a Bottle | Ag\u00eancia de Comunica\u00e7\u00e3o e Marketing","url":"https:\/\/messageinabottle.pt\/","logo":{"@type":"ImageObject","inLanguage":"en-US","@id":"https:\/\/messageinabottle.pt\/#\/schema\/logo\/image\/","url":"https:\/\/messageinabottle.pt\/wp-content\/uploads\/2019\/06\/mib-logo.png","contentUrl":"https:\/\/messageinabottle.pt\/wp-content\/uploads\/2019\/06\/mib-logo.png","width":1721,"height":676,"caption":"Message in a Bottle | Ag\u00eancia de Comunica\u00e7\u00e3o e Marketing"},"image":{"@id":"https:\/\/messageinabottle.pt\/#\/schema\/logo\/image\/"},"sameAs":["https:\/\/www.facebook.com\/messageinbottle","https:\/\/x.com\/MibLx","https:\/\/www.instagram.com\/messageinabottle_agency\/","https:\/\/www.linkedin.com\/company\/miab---message-in-a-bottle","https:\/\/www.pinterest.pt\/mibconsulting\/"]},{"@type":"Person","@id":"https:\/\/messageinabottle.pt\/#\/schema\/person\/fcc9c49ae8588ac0e400d132a5191cde","name":"MIB"}]}},"_links":{"self":[{"href":"https:\/\/messageinabottle.pt\/en\/wp-json\/wp\/v2\/posts\/19655"}],"collection":[{"href":"https:\/\/messageinabottle.pt\/en\/wp-json\/wp\/v2\/posts"}],"about":[{"href":"https:\/\/messageinabottle.pt\/en\/wp-json\/wp\/v2\/types\/post"}],"author":[{"embeddable":true,"href":"https:\/\/messageinabottle.pt\/en\/wp-json\/wp\/v2\/users\/10"}],"replies":[{"embeddable":true,"href":"https:\/\/messageinabottle.pt\/en\/wp-json\/wp\/v2\/comments?post=19655"}],"version-history":[{"count":2,"href":"https:\/\/messageinabottle.pt\/en\/wp-json\/wp\/v2\/posts\/19655\/revisions"}],"predecessor-version":[{"id":19658,"href":"https:\/\/messageinabottle.pt\/en\/wp-json\/wp\/v2\/posts\/19655\/revisions\/19658"}],"wp:featuredmedia":[{"embeddable":true,"href":"https:\/\/messageinabottle.pt\/en\/wp-json\/wp\/v2\/media\/19656"}],"wp:attachment":[{"href":"https:\/\/messageinabottle.pt\/en\/wp-json\/wp\/v2\/media?parent=19655"}],"wp:term":[{"taxonomy":"category","embeddable":true,"href":"https:\/\/messageinabottle.pt\/en\/wp-json\/wp\/v2\/categories?post=19655"},{"taxonomy":"post_tag","embeddable":true,"href":"https:\/\/messageinabottle.pt\/en\/wp-json\/wp\/v2\/tags?post=19655"}],"curies":[{"name":"wp","href":"https:\/\/api.w.org\/{rel}","templated":true}]}}