{"id":19784,"date":"2021-01-29T18:46:44","date_gmt":"2021-01-29T18:46:44","guid":{"rendered":"https:\/\/messageinabottle.pt\/?p=19784"},"modified":"2021-03-10T15:27:30","modified_gmt":"2021-03-10T15:27:30","slug":"organize-your-feed-in-5-steps","status":"publish","type":"post","link":"https:\/\/messageinabottle.pt\/en\/blog\/organize-your-feed-in-5-steps\/","title":{"rendered":"Instagram Feed: Organize yours in 5 steps"},"content":{"rendered":"<p><img decoding=\"async\" class=\" wp-image-19785 aligncenter\" src=\"https:\/\/messageinabottle.pt\/wp-content\/uploads\/2021\/01\/Blog-Head-783x440.png\" alt=\"\" width=\"698\" height=\"392\" srcset=\"https:\/\/messageinabottle.pt\/wp-content\/uploads\/2021\/01\/Blog-Head-783x440.png 783w, https:\/\/messageinabottle.pt\/wp-content\/uploads\/2021\/01\/Blog-Head-768x432.png 768w, https:\/\/messageinabottle.pt\/wp-content\/uploads\/2021\/01\/Blog-Head-1180x664.png 1180w, https:\/\/messageinabottle.pt\/wp-content\/uploads\/2021\/01\/Blog-Head.png 1920w\" sizes=\"(max-width: 698px) 100vw, 698px\" \/><\/p>\n<p>&nbsp;<\/p>\n<p><span style=\"font-weight: 400;\">It is increasingly important these days to have a regular presence on social media, whether it is on a personal, corporate, or business level. In addition to connecting us with a wide panoply of services and people, Instagram is also a great search tool for restaurants, brands and even hotels. So it is an asset to be able to make it a springboard to boost our services and create a good first impression to those who may become future customers (followers).<\/span><\/p>\n<p>Depending on your brand&#8217;s target, you need to understand that on Social Networks we should create diverse and interspersed content, such as: tips, motivational phrases, recipes, tutorials, and of course, talk about your product and\/or the service you sell.<\/p>\n<p>And to help you we have separated some points to be taken into consideration as the subject and organization of the Instagram feed:<\/p>\n<p><strong>1. choose a color palette:<\/strong><\/p>\n<p>This choice will create a relationship between the photos, the feed, and the people who will identify themselves based on the color organization.<\/p>\n<p>These base tones will define the personality of our page. Here we will also define another aspect to take into account when creating content (photography), because we already know what our base tone will be (we almost always choose white as the main tone).<\/p>\n<p><strong>How can you create this color relationship?<\/strong><\/p>\n<p>There are several Apps where we can always edit in the same way, thus allowing us to have our base tones always present, we have separated three of them:\u00a0<span style=\"font-weight: 400;\"><a href=\"https:\/\/www.adobe.com\/pt\/products\/photoshop-lightroom.html?sdid=8DN85NTR&amp;mv=search&amp;ef_id=CjwKCAiAgc-ABhA7EiwAjev-j29ObwPzlA8bAdl4AFkPG0kGh8GZUKXoeyjSzkELSTAqT2Tp-sZnyRoCfqEQAvD_BwE:G:s&amp;s_kwcid=AL!3085!3!441853227342!e!!g!!lightroom!1447265736!60480601870&amp;gclid=CjwKCAiAgc-ABhA7EiwAjev-j29ObwPzlA8bAdl4AFkPG0kGh8GZUKXoeyjSzkELSTAqT2Tp-sZnyRoCfqEQAvD_BwE\">Lightroom,\u00a0<\/a><\/span><span style=\"font-weight: 400;\"><a href=\"https:\/\/vsco.co\/\">VSCO<\/a><\/span><span style=\"font-weight: 400;\">\u00a0and Snapseed;<\/span><\/p>\n<p><img decoding=\"async\" class=\"wp-image-19786 aligncenter\" src=\"https:\/\/messageinabottle.pt\/wp-content\/uploads\/2021\/01\/Captura-de-ecra\u0303-2021-01-29-a\u0300s-18.18.17-783x290.png\" alt=\"\" width=\"337\" height=\"125\" srcset=\"https:\/\/messageinabottle.pt\/wp-content\/uploads\/2021\/01\/Captura-de-ecra\u0303-2021-01-29-a\u0300s-18.18.17-783x290.png 783w, https:\/\/messageinabottle.pt\/wp-content\/uploads\/2021\/01\/Captura-de-ecra\u0303-2021-01-29-a\u0300s-18.18.17-768x285.png 768w, https:\/\/messageinabottle.pt\/wp-content\/uploads\/2021\/01\/Captura-de-ecra\u0303-2021-01-29-a\u0300s-18.18.17.png 826w\" sizes=\"(max-width: 337px) 100vw, 337px\" \/><\/p>\n<p>The same filter will allow you to keep the harmony between the photos, even when a filter works less well on one of the photos, because each one has a different light, exposure and contrast, but as it will be part of the album (mosaic) and will contribute to the success of the page.<\/p>\n<p>&nbsp;<\/p>\n<p><strong>2. Create harmony between the photos<\/strong><\/p>\n<p>In this topic you have to pay attention to when and how you are going to publish. To maintain a good harmony between the images, they must be different, but at the same time &#8220;talk&#8221; to each other in order to tell a story that makes the &#8220;customer&#8221; curious about your &#8220;continuation&#8221; and become a member of your community.<\/p>\n<p>There is also an easy tip to create this kind of &#8220;conversation&#8221; for example:<\/p>\n<p>Take pictures of a space (plate, project, establishment) from 3 different angles.\u00a0Remember that the images should tell the story.<\/p>\n<div id=\"attachment_19787\" style=\"width: 424px\" class=\"wp-caption aligncenter\"><img decoding=\"async\" aria-describedby=\"caption-attachment-19787\" class=\"wp-image-19787\" src=\"https:\/\/messageinabottle.pt\/wp-content\/uploads\/2021\/01\/Captura-de-ecra\u0303-2021-01-29-a\u0300s-18.20.03-783x448.png\" alt=\"\" width=\"414\" height=\"237\" srcset=\"https:\/\/messageinabottle.pt\/wp-content\/uploads\/2021\/01\/Captura-de-ecra\u0303-2021-01-29-a\u0300s-18.20.03-783x448.png 783w, https:\/\/messageinabottle.pt\/wp-content\/uploads\/2021\/01\/Captura-de-ecra\u0303-2021-01-29-a\u0300s-18.20.03-768x440.png 768w, https:\/\/messageinabottle.pt\/wp-content\/uploads\/2021\/01\/Captura-de-ecra\u0303-2021-01-29-a\u0300s-18.20.03.png 926w\" sizes=\"(max-width: 414px) 100vw, 414px\" \/><p id=\"caption-attachment-19787\" class=\"wp-caption-text\">&#8211; &#8220;Family lunch in Alentejo&#8221;<\/p><\/div>\n<p><strong>3. Create a photo mosaic<\/strong><\/p>\n<p><span style=\"font-weight: 400;\">There are several apps that can help us create a story, harmony, or conversation between images.\u00a0<a href=\"https:\/\/www.unum.la\/\">UNUM<\/a>,\u00a0<a href=\"https:\/\/thepreviewapp.com\/\">Preview<\/a>\u00a0and\u00a0<a href=\"http:\/\/planoly.com\/\">Planoly<\/a> are some of those apps.<\/span><\/p>\n<p><img decoding=\"async\" class=\"wp-image-19788 aligncenter\" src=\"https:\/\/messageinabottle.pt\/wp-content\/uploads\/2021\/01\/Captura-de-ecra\u0303-2021-01-29-a\u0300s-18.27.03-783x269.png\" alt=\"\" width=\"385\" height=\"132\" srcset=\"https:\/\/messageinabottle.pt\/wp-content\/uploads\/2021\/01\/Captura-de-ecra\u0303-2021-01-29-a\u0300s-18.27.03-783x269.png 783w, https:\/\/messageinabottle.pt\/wp-content\/uploads\/2021\/01\/Captura-de-ecra\u0303-2021-01-29-a\u0300s-18.27.03-768x264.png 768w, https:\/\/messageinabottle.pt\/wp-content\/uploads\/2021\/01\/Captura-de-ecra\u0303-2021-01-29-a\u0300s-18.27.03.png 832w\" sizes=\"(max-width: 385px) 100vw, 385px\" \/><\/p>\n<p>&nbsp;<\/p>\n<p>In these apps it&#8217;s easy to combine the images because we will have a general idea of our &#8220;feed&#8221;. We&#8217;ll have the perception of people who will see it and thus be able to see the impact it has for others. Our social network will be the &#8220;showcase&#8221; of our company, it will present the professional aspect and the care we take in our projects.<\/p>\n<p><strong>4. Frequency<\/strong><\/p>\n<p>It&#8217;s important to value quality and not just quantity in your posts on Instagram. It is not necessary to make 3 irrelevant posts in one day if you can make 1 relevant post instead.<\/p>\n<p>This would be ideal: 1 per day or 3 per week always spaced apart. This way you will get an idea about which content generates more reach and which is more relevant to post. This way, by varying the topics, you will also know the best times and days to post more relevant topics that you want to have more reach in the community, and thus keep your account active.<\/p>\n<p><b>5. Copy<\/b><\/p>\n<p>Also the caption of the photo should be thought out strategically in order to add content to the image you posted, help create a relationship with the follower or even so that you can have &#8220;call to action&#8221;.<\/p>\n<p>Planning an Instagram feed is extremely important to clearly show what you do, create or sell and thus optimize time to build valuable content for your audience.<\/p>\n<p>&nbsp;<\/p>\n<p>Are you already feeling more motivated to improve your Instagram? Share this post!<\/p>\n<p>&nbsp;<\/p>\n<p><a href=\"https:\/\/messageinabottle.pt\/en\/contacts\/\">Contact us<\/a> to learn more about our <a href=\"https:\/\/messageinabottle.pt\/en\/servicos\/social-media\/\">Social Media<\/a> Management services.<\/p>","protected":false},"excerpt":{"rendered":"<p>&nbsp; It is increasingly important these days to have a regular presence on social media, whether it is on a personal, corporate, or business level. In addition to connecting us with a wide panoply of services and people, Instagram is also a great search tool for restaurants, brands and even hotels. So it is an [&hellip;]<\/p>\n","protected":false},"author":10,"featured_media":19785,"comment_status":"open","ping_status":"open","sticky":false,"template":"","format":"standard","meta":{"_acf_changed":false,"footnotes":""},"categories":[203,2,85,209,45,260,9,171,207],"tags":[],"acf":[],"yoast_head":"<!-- This site is optimized with the Yoast SEO plugin v22.5 - https:\/\/yoast.com\/wordpress\/plugins\/seo\/ -->\n<title>Instagram Feed: Organize yours in 5 steps | Message in a Bottle<\/title>\n<meta name=\"description\" content=\"E para o(a) ajudar separamos alguns pontos a serem levados em\u00a0 considera\u00e7\u00e3o como o assunto e organiza\u00e7\u00e3o do feed do Instagram. Saiba mais.\" \/>\n<meta name=\"robots\" content=\"index, follow, max-snippet:-1, max-image-preview:large, max-video-preview:-1\" \/>\n<link rel=\"canonical\" href=\"https:\/\/messageinabottle.pt\/blog\/organize-your-feed-in-5-steps\/\" \/>\n<meta property=\"og:locale\" content=\"en_US\" \/>\n<meta property=\"og:type\" content=\"article\" \/>\n<meta property=\"og:title\" content=\"5 dicas para ter um feed organizado e coeso no Instagram\" \/>\n<meta property=\"og:description\" content=\"\u00c9 cada vez mais importante, nos tempos que correm, ter uma presen\u00e7a ass\u00eddua nas redes sociais, quer seja a n\u00edvel pessoal, corporativo ou empresarial. O Instagram para al\u00e9m de nos conectar com uma grande pan\u00f3plia de servi\u00e7os e pessoas, \u00e9 tamb\u00e9m uma grande ferramenta de procura para restaurantes, marcas e at\u00e9 mesmo hot\u00e9is. Por isso \u00e9 uma mais valia conseguir fazer dela uma rampa para impulsionar os nossos servi\u00e7os e criar uma boa primeira impress\u00e3o \u00e0queles que poder\u00e3o vir a ser futuros clientes (seguidores). Consoante o segmento da sua marca, \u00e9 preciso entender que nas Redes Sociais devemos criar conte\u00fados diversos e intercalados, como por exemplo: dicas, frases motivacionais, receitas, tutoriais e claro, falar do seu produto e\/ou do servi\u00e7o que vende.\u00a0 Para isso \u00e9 importante mostrar conte\u00fado relevante, ou seja, informa\u00e7\u00f5es que o seu p\u00fablico-alvo deseja fazer, ver ou saber.\" \/>\n<meta property=\"og:url\" content=\"https:\/\/messageinabottle.pt\/blog\/organize-your-feed-in-5-steps\/\" \/>\n<meta property=\"og:site_name\" content=\"Message In a Bottle\" \/>\n<meta property=\"article:publisher\" content=\"https:\/\/www.facebook.com\/messageinbottle\" \/>\n<meta property=\"article:published_time\" content=\"2021-01-29T18:46:44+00:00\" \/>\n<meta property=\"article:modified_time\" content=\"2021-03-10T15:27:30+00:00\" \/>\n<meta property=\"og:image\" content=\"https:\/\/messageinabottle.pt\/wp-content\/uploads\/2021\/01\/Blog-Head.png\" \/>\n\t<meta property=\"og:image:width\" content=\"1920\" \/>\n\t<meta property=\"og:image:height\" content=\"1080\" \/>\n\t<meta property=\"og:image:type\" content=\"image\/png\" \/>\n<meta name=\"author\" content=\"MIB\" \/>\n<meta name=\"twitter:card\" content=\"summary_large_image\" \/>\n<meta name=\"twitter:creator\" content=\"@MibLx\" \/>\n<meta name=\"twitter:site\" content=\"@MibLx\" \/>\n<meta name=\"twitter:label1\" content=\"Written by\" \/>\n\t<meta name=\"twitter:data1\" content=\"MIB\" \/>\n\t<meta name=\"twitter:label2\" content=\"Est. reading time\" \/>\n\t<meta name=\"twitter:data2\" content=\"7 minutes\" \/>\n<script type=\"application\/ld+json\" class=\"yoast-schema-graph\">{\"@context\":\"https:\/\/schema.org\",\"@graph\":[{\"@type\":\"Article\",\"@id\":\"https:\/\/messageinabottle.pt\/blog\/organize-your-feed-in-5-steps\/#article\",\"isPartOf\":{\"@id\":\"https:\/\/messageinabottle.pt\/blog\/organize-your-feed-in-5-steps\/\"},\"author\":{\"name\":\"MIB\",\"@id\":\"https:\/\/messageinabottle.pt\/#\/schema\/person\/fcc9c49ae8588ac0e400d132a5191cde\"},\"headline\":\"Instagram Feed: Organize yours in 5 steps\",\"datePublished\":\"2021-01-29T18:46:44+00:00\",\"dateModified\":\"2021-03-10T15:27:30+00:00\",\"mainEntityOfPage\":{\"@id\":\"https:\/\/messageinabottle.pt\/blog\/organize-your-feed-in-5-steps\/\"},\"wordCount\":1478,\"commentCount\":0,\"publisher\":{\"@id\":\"https:\/\/messageinabottle.pt\/#organization\"},\"image\":{\"@id\":\"https:\/\/messageinabottle.pt\/blog\/organize-your-feed-in-5-steps\/#primaryimage\"},\"thumbnailUrl\":\"https:\/\/messageinabottle.pt\/wp-content\/uploads\/2021\/01\/Blog-Head.png\",\"articleSection\":[\"Ag\u00eancia de Comunica\u00e7\u00e3o\",\"Blog\",\"Content Marketing\",\"Conte\u00fados\",\"Facebook\",\"Fotografia\",\"Instagram\",\"Marketing\",\"Storytelling\"],\"inLanguage\":\"en-US\",\"potentialAction\":[{\"@type\":\"CommentAction\",\"name\":\"Comment\",\"target\":[\"https:\/\/messageinabottle.pt\/blog\/organize-your-feed-in-5-steps\/#respond\"]}]},{\"@type\":\"WebPage\",\"@id\":\"https:\/\/messageinabottle.pt\/blog\/organize-your-feed-in-5-steps\/\",\"url\":\"https:\/\/messageinabottle.pt\/blog\/organize-your-feed-in-5-steps\/\",\"name\":\"Instagram Feed: Organize yours in 5 steps | Message in a Bottle\",\"isPartOf\":{\"@id\":\"https:\/\/messageinabottle.pt\/#website\"},\"primaryImageOfPage\":{\"@id\":\"https:\/\/messageinabottle.pt\/blog\/organize-your-feed-in-5-steps\/#primaryimage\"},\"image\":{\"@id\":\"https:\/\/messageinabottle.pt\/blog\/organize-your-feed-in-5-steps\/#primaryimage\"},\"thumbnailUrl\":\"https:\/\/messageinabottle.pt\/wp-content\/uploads\/2021\/01\/Blog-Head.png\",\"datePublished\":\"2021-01-29T18:46:44+00:00\",\"dateModified\":\"2021-03-10T15:27:30+00:00\",\"description\":\"E para o(a) ajudar separamos alguns pontos a serem levados em\u00a0 considera\u00e7\u00e3o como o assunto e organiza\u00e7\u00e3o do feed do Instagram. Saiba mais.\",\"breadcrumb\":{\"@id\":\"https:\/\/messageinabottle.pt\/blog\/organize-your-feed-in-5-steps\/#breadcrumb\"},\"inLanguage\":\"en-US\",\"potentialAction\":[{\"@type\":\"ReadAction\",\"target\":[\"https:\/\/messageinabottle.pt\/blog\/organize-your-feed-in-5-steps\/\"]}]},{\"@type\":\"ImageObject\",\"inLanguage\":\"en-US\",\"@id\":\"https:\/\/messageinabottle.pt\/blog\/organize-your-feed-in-5-steps\/#primaryimage\",\"url\":\"https:\/\/messageinabottle.pt\/wp-content\/uploads\/2021\/01\/Blog-Head.png\",\"contentUrl\":\"https:\/\/messageinabottle.pt\/wp-content\/uploads\/2021\/01\/Blog-Head.png\",\"width\":1920,\"height\":1080},{\"@type\":\"BreadcrumbList\",\"@id\":\"https:\/\/messageinabottle.pt\/blog\/organize-your-feed-in-5-steps\/#breadcrumb\",\"itemListElement\":[{\"@type\":\"ListItem\",\"position\":1,\"name\":\"Home\",\"item\":\"https:\/\/messageinabottle.pt\/\"},{\"@type\":\"ListItem\",\"position\":2,\"name\":\"Feed do Instagram: Organize o seu em 5 passos\"}]},{\"@type\":\"WebSite\",\"@id\":\"https:\/\/messageinabottle.pt\/#website\",\"url\":\"https:\/\/messageinabottle.pt\/\",\"name\":\"Message In a Bottle\",\"description\":\"Ag\u00eancia de Comunica\u00e7\u00e3o e Marketing\",\"publisher\":{\"@id\":\"https:\/\/messageinabottle.pt\/#organization\"},\"potentialAction\":[{\"@type\":\"SearchAction\",\"target\":{\"@type\":\"EntryPoint\",\"urlTemplate\":\"https:\/\/messageinabottle.pt\/?s={search_term_string}\"},\"query-input\":\"required name=search_term_string\"}],\"inLanguage\":\"en-US\"},{\"@type\":\"Organization\",\"@id\":\"https:\/\/messageinabottle.pt\/#organization\",\"name\":\"Message in a Bottle | Ag\u00eancia de Comunica\u00e7\u00e3o e Marketing\",\"url\":\"https:\/\/messageinabottle.pt\/\",\"logo\":{\"@type\":\"ImageObject\",\"inLanguage\":\"en-US\",\"@id\":\"https:\/\/messageinabottle.pt\/#\/schema\/logo\/image\/\",\"url\":\"https:\/\/messageinabottle.pt\/wp-content\/uploads\/2019\/06\/mib-logo.png\",\"contentUrl\":\"https:\/\/messageinabottle.pt\/wp-content\/uploads\/2019\/06\/mib-logo.png\",\"width\":1721,\"height\":676,\"caption\":\"Message in a Bottle | Ag\u00eancia de Comunica\u00e7\u00e3o e Marketing\"},\"image\":{\"@id\":\"https:\/\/messageinabottle.pt\/#\/schema\/logo\/image\/\"},\"sameAs\":[\"https:\/\/www.facebook.com\/messageinbottle\",\"https:\/\/x.com\/MibLx\",\"https:\/\/www.instagram.com\/messageinabottle_agency\/\",\"https:\/\/www.linkedin.com\/company\/miab---message-in-a-bottle\",\"https:\/\/www.pinterest.pt\/mibconsulting\/\"]},{\"@type\":\"Person\",\"@id\":\"https:\/\/messageinabottle.pt\/#\/schema\/person\/fcc9c49ae8588ac0e400d132a5191cde\",\"name\":\"MIB\"}]}<\/script>\n<!-- \/ Yoast SEO plugin. -->","yoast_head_json":{"title":"Instagram Feed: Organize yours in 5 steps | Message in a Bottle","description":"E para o(a) ajudar separamos alguns pontos a serem levados em\u00a0 considera\u00e7\u00e3o como o assunto e organiza\u00e7\u00e3o do feed do Instagram. Saiba mais.","robots":{"index":"index","follow":"follow","max-snippet":"max-snippet:-1","max-image-preview":"max-image-preview:large","max-video-preview":"max-video-preview:-1"},"canonical":"https:\/\/messageinabottle.pt\/blog\/organize-your-feed-in-5-steps\/","og_locale":"en_US","og_type":"article","og_title":"5 dicas para ter um feed organizado e coeso no Instagram","og_description":"\u00c9 cada vez mais importante, nos tempos que correm, ter uma presen\u00e7a ass\u00eddua nas redes sociais, quer seja a n\u00edvel pessoal, corporativo ou empresarial. O Instagram para al\u00e9m de nos conectar com uma grande pan\u00f3plia de servi\u00e7os e pessoas, \u00e9 tamb\u00e9m uma grande ferramenta de procura para restaurantes, marcas e at\u00e9 mesmo hot\u00e9is. Por isso \u00e9 uma mais valia conseguir fazer dela uma rampa para impulsionar os nossos servi\u00e7os e criar uma boa primeira impress\u00e3o \u00e0queles que poder\u00e3o vir a ser futuros clientes (seguidores). Consoante o segmento da sua marca, \u00e9 preciso entender que nas Redes Sociais devemos criar conte\u00fados diversos e intercalados, como por exemplo: dicas, frases motivacionais, receitas, tutoriais e claro, falar do seu produto e\/ou do servi\u00e7o que vende.\u00a0 Para isso \u00e9 importante mostrar conte\u00fado relevante, ou seja, informa\u00e7\u00f5es que o seu p\u00fablico-alvo deseja fazer, ver ou saber.","og_url":"https:\/\/messageinabottle.pt\/blog\/organize-your-feed-in-5-steps\/","og_site_name":"Message In a Bottle","article_publisher":"https:\/\/www.facebook.com\/messageinbottle","article_published_time":"2021-01-29T18:46:44+00:00","article_modified_time":"2021-03-10T15:27:30+00:00","og_image":[{"width":1920,"height":1080,"url":"https:\/\/messageinabottle.pt\/wp-content\/uploads\/2021\/01\/Blog-Head.png","type":"image\/png"}],"author":"MIB","twitter_card":"summary_large_image","twitter_creator":"@MibLx","twitter_site":"@MibLx","twitter_misc":{"Written by":"MIB","Est. reading time":"7 minutes"},"schema":{"@context":"https:\/\/schema.org","@graph":[{"@type":"Article","@id":"https:\/\/messageinabottle.pt\/blog\/organize-your-feed-in-5-steps\/#article","isPartOf":{"@id":"https:\/\/messageinabottle.pt\/blog\/organize-your-feed-in-5-steps\/"},"author":{"name":"MIB","@id":"https:\/\/messageinabottle.pt\/#\/schema\/person\/fcc9c49ae8588ac0e400d132a5191cde"},"headline":"Instagram Feed: Organize yours in 5 steps","datePublished":"2021-01-29T18:46:44+00:00","dateModified":"2021-03-10T15:27:30+00:00","mainEntityOfPage":{"@id":"https:\/\/messageinabottle.pt\/blog\/organize-your-feed-in-5-steps\/"},"wordCount":1478,"commentCount":0,"publisher":{"@id":"https:\/\/messageinabottle.pt\/#organization"},"image":{"@id":"https:\/\/messageinabottle.pt\/blog\/organize-your-feed-in-5-steps\/#primaryimage"},"thumbnailUrl":"https:\/\/messageinabottle.pt\/wp-content\/uploads\/2021\/01\/Blog-Head.png","articleSection":["Ag\u00eancia de Comunica\u00e7\u00e3o","Blog","Content Marketing","Conte\u00fados","Facebook","Fotografia","Instagram","Marketing","Storytelling"],"inLanguage":"en-US","potentialAction":[{"@type":"CommentAction","name":"Comment","target":["https:\/\/messageinabottle.pt\/blog\/organize-your-feed-in-5-steps\/#respond"]}]},{"@type":"WebPage","@id":"https:\/\/messageinabottle.pt\/blog\/organize-your-feed-in-5-steps\/","url":"https:\/\/messageinabottle.pt\/blog\/organize-your-feed-in-5-steps\/","name":"Instagram Feed: Organize yours in 5 steps | Message in a Bottle","isPartOf":{"@id":"https:\/\/messageinabottle.pt\/#website"},"primaryImageOfPage":{"@id":"https:\/\/messageinabottle.pt\/blog\/organize-your-feed-in-5-steps\/#primaryimage"},"image":{"@id":"https:\/\/messageinabottle.pt\/blog\/organize-your-feed-in-5-steps\/#primaryimage"},"thumbnailUrl":"https:\/\/messageinabottle.pt\/wp-content\/uploads\/2021\/01\/Blog-Head.png","datePublished":"2021-01-29T18:46:44+00:00","dateModified":"2021-03-10T15:27:30+00:00","description":"E para o(a) ajudar separamos alguns pontos a serem levados em\u00a0 considera\u00e7\u00e3o como o assunto e organiza\u00e7\u00e3o do feed do Instagram. Saiba mais.","breadcrumb":{"@id":"https:\/\/messageinabottle.pt\/blog\/organize-your-feed-in-5-steps\/#breadcrumb"},"inLanguage":"en-US","potentialAction":[{"@type":"ReadAction","target":["https:\/\/messageinabottle.pt\/blog\/organize-your-feed-in-5-steps\/"]}]},{"@type":"ImageObject","inLanguage":"en-US","@id":"https:\/\/messageinabottle.pt\/blog\/organize-your-feed-in-5-steps\/#primaryimage","url":"https:\/\/messageinabottle.pt\/wp-content\/uploads\/2021\/01\/Blog-Head.png","contentUrl":"https:\/\/messageinabottle.pt\/wp-content\/uploads\/2021\/01\/Blog-Head.png","width":1920,"height":1080},{"@type":"BreadcrumbList","@id":"https:\/\/messageinabottle.pt\/blog\/organize-your-feed-in-5-steps\/#breadcrumb","itemListElement":[{"@type":"ListItem","position":1,"name":"Home","item":"https:\/\/messageinabottle.pt\/"},{"@type":"ListItem","position":2,"name":"Feed do Instagram: Organize o seu em 5 passos"}]},{"@type":"WebSite","@id":"https:\/\/messageinabottle.pt\/#website","url":"https:\/\/messageinabottle.pt\/","name":"Message In a Bottle","description":"Ag\u00eancia de Comunica\u00e7\u00e3o e Marketing","publisher":{"@id":"https:\/\/messageinabottle.pt\/#organization"},"potentialAction":[{"@type":"SearchAction","target":{"@type":"EntryPoint","urlTemplate":"https:\/\/messageinabottle.pt\/?s={search_term_string}"},"query-input":"required name=search_term_string"}],"inLanguage":"en-US"},{"@type":"Organization","@id":"https:\/\/messageinabottle.pt\/#organization","name":"Message in a Bottle | Ag\u00eancia de Comunica\u00e7\u00e3o e Marketing","url":"https:\/\/messageinabottle.pt\/","logo":{"@type":"ImageObject","inLanguage":"en-US","@id":"https:\/\/messageinabottle.pt\/#\/schema\/logo\/image\/","url":"https:\/\/messageinabottle.pt\/wp-content\/uploads\/2019\/06\/mib-logo.png","contentUrl":"https:\/\/messageinabottle.pt\/wp-content\/uploads\/2019\/06\/mib-logo.png","width":1721,"height":676,"caption":"Message in a Bottle | Ag\u00eancia de Comunica\u00e7\u00e3o e Marketing"},"image":{"@id":"https:\/\/messageinabottle.pt\/#\/schema\/logo\/image\/"},"sameAs":["https:\/\/www.facebook.com\/messageinbottle","https:\/\/x.com\/MibLx","https:\/\/www.instagram.com\/messageinabottle_agency\/","https:\/\/www.linkedin.com\/company\/miab---message-in-a-bottle","https:\/\/www.pinterest.pt\/mibconsulting\/"]},{"@type":"Person","@id":"https:\/\/messageinabottle.pt\/#\/schema\/person\/fcc9c49ae8588ac0e400d132a5191cde","name":"MIB"}]}},"_links":{"self":[{"href":"https:\/\/messageinabottle.pt\/en\/wp-json\/wp\/v2\/posts\/19784"}],"collection":[{"href":"https:\/\/messageinabottle.pt\/en\/wp-json\/wp\/v2\/posts"}],"about":[{"href":"https:\/\/messageinabottle.pt\/en\/wp-json\/wp\/v2\/types\/post"}],"author":[{"embeddable":true,"href":"https:\/\/messageinabottle.pt\/en\/wp-json\/wp\/v2\/users\/10"}],"replies":[{"embeddable":true,"href":"https:\/\/messageinabottle.pt\/en\/wp-json\/wp\/v2\/comments?post=19784"}],"version-history":[{"count":5,"href":"https:\/\/messageinabottle.pt\/en\/wp-json\/wp\/v2\/posts\/19784\/revisions"}],"predecessor-version":[{"id":19951,"href":"https:\/\/messageinabottle.pt\/en\/wp-json\/wp\/v2\/posts\/19784\/revisions\/19951"}],"wp:featuredmedia":[{"embeddable":true,"href":"https:\/\/messageinabottle.pt\/en\/wp-json\/wp\/v2\/media\/19785"}],"wp:attachment":[{"href":"https:\/\/messageinabottle.pt\/en\/wp-json\/wp\/v2\/media?parent=19784"}],"wp:term":[{"taxonomy":"category","embeddable":true,"href":"https:\/\/messageinabottle.pt\/en\/wp-json\/wp\/v2\/categories?post=19784"},{"taxonomy":"post_tag","embeddable":true,"href":"https:\/\/messageinabottle.pt\/en\/wp-json\/wp\/v2\/tags?post=19784"}],"curies":[{"name":"wp","href":"https:\/\/api.w.org\/{rel}","templated":true}]}}